{"id":217681,"date":"2023-03-06T21:57:41","date_gmt":"2023-03-06T21:57:41","guid":{"rendered":"https:\/\/ami.mr\/fr\/?p=217681"},"modified":"2023-03-07T15:18:06","modified_gmt":"2023-03-07T15:18:06","slug":"lancement-dun-atelier-sur-cybersecurite","status":"publish","type":"post","link":"https:\/\/ami.mr\/fr\/archives\/217681","title":{"rendered":"Lancement d\u2019un atelier sur cybers\u00e9curit\u00e9"},"content":{"rendered":"<div class=\"row\">\n<div class=\"cell auto-size bd-gray\" dir=\"ltr\"><\/div>\n<\/div>\n<div class=\"row\">\n<div class=\"cell auto-size\">\n<div class=\"set-border bd-gray padding10 margin10 no-margin-right no-margin-left \" dir=\"ltr\">\n<div class=\"row\">\n<div class=\"cell auto-size\">\n<div class=\"set-border bd-gray padding10 margin10 no-margin-right no-margin-left \" dir=\"ltr\">\n<p>Organis\u00e9 par le Minist\u00e8re de la Transformation Num\u00e9rique, de l&#8217;Innovation et de la Modernisation de l\u2019Administration, en coop\u00e9ration avec l&#8217;Universit\u00e9 EL-A\u00e7riya de Nouakchott, un atelier de formation sur la cybers\u00e9curit\u00e9 a \u00e9t\u00e9 lanc\u00e9, lundi, \u00e0 Nouakchott. Cette formation, d&#8217;une dur\u00e9e de cinq jours, b\u00e9n\u00e9ficiera \u00e0 30 ing\u00e9nieurs et techniciens de divers d\u00e9partements et \u00e9tablissements publics, entreprises de communication et agents d&#8217;enregistrement de domaines.<\/p>\n<p>Le ministre de la Transformation num\u00e9rique, de l&#8217;Innovation et de la Modernisation de l&#8217;administration, M. Mokhtar Ahmed Yedali a d\u00e9clar\u00e9, dans son allocution, que cet atelier de formation contribuera \u00e0 pr\u00e9parer un cadre humain capable de relever des d\u00e9fis face \u00e0 l&#8217;augmentation des cyber-risques mondiaux, qui donne une impulsion pour prot\u00e9ger Internet et atteindre ses objectifs strat\u00e9giques, et renforcer la confiance dans les solutions num\u00e9riques.Il a soulign\u00e9 que le programme de Son Excellence Monsieur Mohamed Ould Cheikh El-Ghazouani, Pr\u00e9sident de la R\u00e9publique, \u00ab Taahoudaty \u00bb, accorde une grande importance aux technologies num\u00e9riques, et cela s&#8217;est concr\u00e9tis\u00e9 par la mise en place d&#8217;un d\u00e9partement minist\u00e9riel de la transformation num\u00e9rique en charg\u00e9 de la mise en \u0153uvre des politiques et strat\u00e9gies nationales et sectorielles de transformation num\u00e9rique, et de la coordination entre les diff\u00e9rents secteurs minist\u00e9riels et institutions publiques dans ce domaine.<\/p>\n<p>Il a ajout\u00e9 que le secteur repose sur une approche inclusive pour tous les acteurs et parties prenantes, dont le succ\u00e8s d\u00e9pendra de l&#8217;attention port\u00e9e aux acteurs et b\u00e9n\u00e9ficiaires, ainsi que de la prise en compte de leurs orientations, strat\u00e9gies et plans.<\/p>\n<p>Pour sa part, le pr\u00e9sident de l&#8217;Universit\u00e9 El A\u00e7riya de Nouakchott, M. Cheikh Saadbouh Camara, a confirm\u00e9 que le centre universitaire a pris plusieurs mesures dans le but de moderniser les syst\u00e8mes d&#8217;enregistrement des noms de domaine, dont la plus importante est la r\u00e9vision et le d\u00e9veloppement des r\u00e9glementations des textes tels que les chartes des syst\u00e8mes de nommage de domaine et l&#8217;agr\u00e9ment des agents d&#8217;enregistrement pour fournir et rapprocher le service au citoyen.<\/p>\n<p>Il a indiqu\u00e9 que le gouvernement avait r\u00e9cemment adopt\u00e9 une strat\u00e9gie nationale pour l&#8217;enseignement sup\u00e9rieur qui fait de la num\u00e9risation un levier d&#8217;int\u00e9gration efficace et d&#8217;utilisation optimale au service des \u00e9tudiants, des enseignants et des administrations universitaires.<\/p>\n<p>Il a soulign\u00e9 que le minist\u00e8re de l&#8217;Enseignement sup\u00e9rieur et de la Recherche scientifique entend mettre en place un r\u00e9seau national de recherche et de raffinement \u00e0 haut d\u00e9bit, soutenir le d\u00e9veloppement d&#8217;offres de formation innovantes dans le domaine du num\u00e9rique et favoriser le recours \u00e0 l&#8217;enseignement \u00e0 distance.<\/p>\n<p>Pour sa part, M. Fahd Atef, directeur principal des relations r\u00e9gionales pour le Moyen-Orient, a soulign\u00e9 le r\u00f4le efficace d&#8217;Internet dans la fourniture d&#8217;informations et la transformation du monde en village, indiquant que l&#8217;atelier renforcera le r\u00f4le de la transformation num\u00e9rique et la protection de la cybers\u00e9curit\u00e9.<\/p>\n<\/div>\n<\/div>\n<\/div>\n<\/div>\n<\/div>\n<\/div>\n","protected":false},"excerpt":{"rendered":"<p>Organis\u00e9 par le Minist\u00e8re de la Transformation Num\u00e9rique, de l&#8217;Innovation et de la Modernisation de l\u2019Administration, en coop\u00e9ration avec l&#8217;Universit\u00e9 EL-A\u00e7riya de Nouakchott, un atelier de formation sur la cybers\u00e9curit\u00e9 a \u00e9t\u00e9 lanc\u00e9, lundi, \u00e0 Nouakchott. Cette formation, d&#8217;une dur\u00e9e de cinq jours, b\u00e9n\u00e9ficiera \u00e0 30 ing\u00e9nieurs et techniciens de divers d\u00e9partements et \u00e9tablissements publics, [&hellip;]<\/p>\n","protected":false},"author":8,"featured_media":217682,"comment_status":"open","ping_status":"open","sticky":false,"template":"","format":"standard","meta":{"footnotes":""},"categories":[63920,63957,63959,63927],"tags":[],"class_list":["post-217681","post","type-post","status-publish","format-standard","has-post-thumbnail","hentry","category-a-la-une","category-fil-dactualite","category-mauritanie","category-slider-mauritanie"],"_links":{"self":[{"href":"https:\/\/ami.mr\/fr\/wp-json\/wp\/v2\/posts\/217681","targetHints":{"allow":["GET"]}}],"collection":[{"href":"https:\/\/ami.mr\/fr\/wp-json\/wp\/v2\/posts"}],"about":[{"href":"https:\/\/ami.mr\/fr\/wp-json\/wp\/v2\/types\/post"}],"author":[{"embeddable":true,"href":"https:\/\/ami.mr\/fr\/wp-json\/wp\/v2\/users\/8"}],"replies":[{"embeddable":true,"href":"https:\/\/ami.mr\/fr\/wp-json\/wp\/v2\/comments?post=217681"}],"version-history":[{"count":1,"href":"https:\/\/ami.mr\/fr\/wp-json\/wp\/v2\/posts\/217681\/revisions"}],"predecessor-version":[{"id":217683,"href":"https:\/\/ami.mr\/fr\/wp-json\/wp\/v2\/posts\/217681\/revisions\/217683"}],"wp:featuredmedia":[{"embeddable":true,"href":"https:\/\/ami.mr\/fr\/wp-json\/wp\/v2\/media\/217682"}],"wp:attachment":[{"href":"https:\/\/ami.mr\/fr\/wp-json\/wp\/v2\/media?parent=217681"}],"wp:term":[{"taxonomy":"category","embeddable":true,"href":"https:\/\/ami.mr\/fr\/wp-json\/wp\/v2\/categories?post=217681"},{"taxonomy":"post_tag","embeddable":true,"href":"https:\/\/ami.mr\/fr\/wp-json\/wp\/v2\/tags?post=217681"}],"curies":[{"name":"wp","href":"https:\/\/api.w.org\/{rel}","templated":true}]}}