{"id":217566,"date":"2023-03-04T13:16:06","date_gmt":"2023-03-04T13:16:06","guid":{"rendered":"https:\/\/ami.mr\/fr\/?p=217566"},"modified":"2023-03-04T13:16:06","modified_gmt":"2023-03-04T13:16:06","slug":"une-campagne-de-sensibilisation-sur-les-questions-des-femmes-et-des-filles","status":"publish","type":"post","link":"https:\/\/ami.mr\/fr\/archives\/217566","title":{"rendered":"Une campagne de sensibilisation sur les questions des femmes et des filles"},"content":{"rendered":"<p>Une campagne de sensibilisation a \u00e9t\u00e9 lanc\u00e9e vendredi dans la ville de S\u00e9libabi par le minist\u00e8re des Affaires \u00c9conomiques et de la Promotion des Secteurs Productifs, en coop\u00e9ration avec le Minist\u00e8re de l\u2019\u00c9ducation Nationale et de la R\u00e9forme du Syst\u00e8me \u00c9ducatif, dans le cadre du projet pour l&#8217;autonomisation des femmes et le dividende d\u00e9mographique au Sahel (SWEDD).<\/p>\n<p>Le lancement de la campagne a \u00e9t\u00e9 pr\u00e9sid\u00e9 par le directeur r\u00e9gional de l&#8217;\u00e9ducation nationale et de la r\u00e9forme de l&#8217;enseignement au niveau de la wilaya du Guidimagha, M. Sidi Ould Varah.<\/p>\n<p>Cette campagne vise \u00e0 soutenir l&#8217;\u00e9ducation des filles, \u00e0 pr\u00e9venir le d\u00e9crochage scolaire et \u00e0 sensibiliser aux dangers de la violence \u00e0 l&#8217;\u00e9gard des femmes et des filles en particulier<\/p>\n<p>Mme Siham Mint Bebana, charg\u00e9e de communication du projet SWEDD a indiqu\u00e9 que cette campagne de sensibilisation et d&#8217;information vise \u00e0 sensibiliser les filles \u00e0 la n\u00e9cessit\u00e9 de poursuivre leurs \u00e9tudes et \u00e0 l\u2019importance de la r\u00e9ussite scolaire, ce qui leur permettra d\u2019occuper dans l\u2019avenir une position de premier plan au niveau de la soci\u00e9t\u00e9 et de l\u2019\u00c9tat. Elle a soulign\u00e9 que le projet a offert 1500 bourses pour les filles en p\u00e9riode scolaire afin de les stabiliser et de pr\u00e9venir le d\u00e9crochage scolaire.<\/p>\n<p>Quant au responsable de l&#8217;union r\u00e9gionale des associations de parents d&#8217;\u00e9l\u00e8ves, au Guidimagha, il a not\u00e9 l&#8217;importance de cette campagne, appelant les filles au respect de leur religion et de leurs valeurs, car c&#8217;est le point de d\u00e9part de la r\u00e9ussite, a-t-il soulign\u00e9.<\/p>\n","protected":false},"excerpt":{"rendered":"<p>Une campagne de sensibilisation a \u00e9t\u00e9 lanc\u00e9e vendredi dans la ville de S\u00e9libabi par le minist\u00e8re des Affaires \u00c9conomiques et de la Promotion des Secteurs Productifs, en coop\u00e9ration avec le Minist\u00e8re de l\u2019\u00c9ducation Nationale et de la R\u00e9forme du Syst\u00e8me \u00c9ducatif, dans le cadre du projet pour l&#8217;autonomisation des femmes et le dividende d\u00e9mographique au [&hellip;]<\/p>\n","protected":false},"author":3,"featured_media":217567,"comment_status":"open","ping_status":"open","sticky":false,"template":"","format":"standard","meta":{"footnotes":""},"categories":[63918,63957,8672],"tags":[],"class_list":["post-217566","post","type-post","status-publish","format-standard","has-post-thumbnail","hentry","category-autres","category-fil-dactualite","category-8672"],"_links":{"self":[{"href":"https:\/\/ami.mr\/fr\/wp-json\/wp\/v2\/posts\/217566","targetHints":{"allow":["GET"]}}],"collection":[{"href":"https:\/\/ami.mr\/fr\/wp-json\/wp\/v2\/posts"}],"about":[{"href":"https:\/\/ami.mr\/fr\/wp-json\/wp\/v2\/types\/post"}],"author":[{"embeddable":true,"href":"https:\/\/ami.mr\/fr\/wp-json\/wp\/v2\/users\/3"}],"replies":[{"embeddable":true,"href":"https:\/\/ami.mr\/fr\/wp-json\/wp\/v2\/comments?post=217566"}],"version-history":[{"count":1,"href":"https:\/\/ami.mr\/fr\/wp-json\/wp\/v2\/posts\/217566\/revisions"}],"predecessor-version":[{"id":217568,"href":"https:\/\/ami.mr\/fr\/wp-json\/wp\/v2\/posts\/217566\/revisions\/217568"}],"wp:featuredmedia":[{"embeddable":true,"href":"https:\/\/ami.mr\/fr\/wp-json\/wp\/v2\/media\/217567"}],"wp:attachment":[{"href":"https:\/\/ami.mr\/fr\/wp-json\/wp\/v2\/media?parent=217566"}],"wp:term":[{"taxonomy":"category","embeddable":true,"href":"https:\/\/ami.mr\/fr\/wp-json\/wp\/v2\/categories?post=217566"},{"taxonomy":"post_tag","embeddable":true,"href":"https:\/\/ami.mr\/fr\/wp-json\/wp\/v2\/tags?post=217566"}],"curies":[{"name":"wp","href":"https:\/\/api.w.org\/{rel}","templated":true}]}}