{"id":217335,"date":"2023-02-28T19:21:32","date_gmt":"2023-02-28T19:21:32","guid":{"rendered":"https:\/\/ami.mr\/fr\/?p=217335"},"modified":"2023-03-01T13:44:42","modified_gmt":"2023-03-01T13:44:42","slug":"la-mauritanie-presente-son-experience-dans-le-domaine-de-la-securite-alimentaire-a-la-conference-du-pam","status":"publish","type":"post","link":"https:\/\/ami.mr\/fr\/archives\/217335","title":{"rendered":"La Mauritanie pr\u00e9sente son exp\u00e9rience dans le domaine de la s\u00e9curit\u00e9 alimentaire \u00e0 la conf\u00e9rence du PAM"},"content":{"rendered":"<div class=\"row\">\n<div class=\"cell auto-size bd-gray\" dir=\"ltr\"><\/div>\n<\/div>\n<div class=\"row\">\n<div class=\"cell auto-size\">\n<div class=\"set-border bd-gray padding10 margin10 no-margin-right no-margin-left \" dir=\"ltr\">\n<p>Les travaux de la premi\u00e8re session de l&#8217;ann\u00e9e 2023 du Conseil d&#8217;administration du Programme alimentaire mondial (PAM) ont commenc\u00e9 lundi soir, dans la capitale italienne, Rome, avec la participation du Commissaire adjoint \u00e0 la s\u00e9curit\u00e9 alimentaire, M. Limam Abdawa, repr\u00e9sentant notre pays \u00e0 cette session.<\/p>\n<p>Dans une pr\u00e9sentation relative aux activit\u00e9s du programme et esquissant les perspectives de ses interventions, le Commissaire adjoint \u00e0 la s\u00e9curit\u00e9 alimentaire a pass\u00e9 en revue l&#8217;exp\u00e9rience de notre pays dans le domaine de la s\u00e9curit\u00e9 alimentaire.<\/p>\n<p>Il a soulign\u00e9, \u00e0 cet \u00e9gard, les efforts du gouvernement, et pass\u00e9 en revue les causes endog\u00e8nes et exog\u00e8nes de la fragilit\u00e9 de la s\u00e9curit\u00e9 alimentaire, notamment les d\u00e9s\u00e9quilibres \u00e9conomiques et sociaux et la d\u00e9gradation de l&#8217;environnement, r\u00e9sultant de la pression croissante sur les ressources naturelles suite aux guerres et vagues de migration qui en sont cons\u00e9cutives, ainsi que des changements climatiques.<\/p>\n<p>Le commissaire adjoint \u00e0 la s\u00e9curit\u00e9 alimentaire s&#8217;est appesanti sur les conditions de vie des habitants dans la r\u00e9gion du Sahel, pr\u00e9sentant un ensemble de propositions cens\u00e9es permettre d&#8217;\u00e9lever le niveau de vie de la population et la s\u00e9curiser contre les risques de catastrophes et de crises alimentaires.<\/p>\n<p>Il a appel\u00e9 \u00e0 une gestion rationnelle et scientifique des ressources naturelles, de mani\u00e8re \u00e0 contribuer \u00e0 r\u00e9duire le niveau de malnutrition et d&#8217;ins\u00e9curit\u00e9 alimentaire, en \u00e9levant l&#8217;acc\u00e8s aux \u00e9nergies renouvelables, et en soutenant les jeunes et les femmes pour stimuler le d\u00e9veloppement et la s\u00e9curit\u00e9 dans la r\u00e9gion du Sahel.<\/p>\n<p>Le Commissaire adjoint \u00e0 la s\u00e9curit\u00e9 alimentaire est accompagn\u00e9 dans les r\u00e9unions du Conseil d&#8217;administration du PAM par MM. Moustapha Ould Cheikh Abdallahi, conseiller charg\u00e9 des relations avec les partenaires techniques et financiers au CSA, et M. Ahmed Ould Teguedi, directeur des programmes de d\u00e9veloppement au Commissariat.<\/p>\n<\/div>\n<\/div>\n<\/div>\n","protected":false},"excerpt":{"rendered":"<p>Les travaux de la premi\u00e8re session de l&#8217;ann\u00e9e 2023 du Conseil d&#8217;administration du Programme alimentaire mondial (PAM) ont commenc\u00e9 lundi soir, dans la capitale italienne, Rome, avec la participation du Commissaire adjoint \u00e0 la s\u00e9curit\u00e9 alimentaire, M. Limam Abdawa, repr\u00e9sentant notre pays \u00e0 cette session. Dans une pr\u00e9sentation relative aux activit\u00e9s du programme et esquissant [&hellip;]<\/p>\n","protected":false},"author":8,"featured_media":217336,"comment_status":"open","ping_status":"open","sticky":false,"template":"","format":"standard","meta":{"footnotes":""},"categories":[63918,63957,25],"tags":[],"class_list":["post-217335","post","type-post","status-publish","format-standard","has-post-thumbnail","hentry","category-autres","category-fil-dactualite","category-25"],"_links":{"self":[{"href":"https:\/\/ami.mr\/fr\/wp-json\/wp\/v2\/posts\/217335","targetHints":{"allow":["GET"]}}],"collection":[{"href":"https:\/\/ami.mr\/fr\/wp-json\/wp\/v2\/posts"}],"about":[{"href":"https:\/\/ami.mr\/fr\/wp-json\/wp\/v2\/types\/post"}],"author":[{"embeddable":true,"href":"https:\/\/ami.mr\/fr\/wp-json\/wp\/v2\/users\/8"}],"replies":[{"embeddable":true,"href":"https:\/\/ami.mr\/fr\/wp-json\/wp\/v2\/comments?post=217335"}],"version-history":[{"count":1,"href":"https:\/\/ami.mr\/fr\/wp-json\/wp\/v2\/posts\/217335\/revisions"}],"predecessor-version":[{"id":217337,"href":"https:\/\/ami.mr\/fr\/wp-json\/wp\/v2\/posts\/217335\/revisions\/217337"}],"wp:featuredmedia":[{"embeddable":true,"href":"https:\/\/ami.mr\/fr\/wp-json\/wp\/v2\/media\/217336"}],"wp:attachment":[{"href":"https:\/\/ami.mr\/fr\/wp-json\/wp\/v2\/media?parent=217335"}],"wp:term":[{"taxonomy":"category","embeddable":true,"href":"https:\/\/ami.mr\/fr\/wp-json\/wp\/v2\/categories?post=217335"},{"taxonomy":"post_tag","embeddable":true,"href":"https:\/\/ami.mr\/fr\/wp-json\/wp\/v2\/tags?post=217335"}],"curies":[{"name":"wp","href":"https:\/\/api.w.org\/{rel}","templated":true}]}}