{"id":217119,"date":"2023-02-26T10:38:32","date_gmt":"2023-02-26T10:38:32","guid":{"rendered":"https:\/\/ami.mr\/fr\/?p=217119"},"modified":"2023-02-27T15:39:19","modified_gmt":"2023-02-27T15:39:19","slug":"le-ministre-du-commerce-regagne-nouakchott-en-provenance-dalgerie","status":"publish","type":"post","link":"https:\/\/ami.mr\/fr\/archives\/217119","title":{"rendered":"Le ministre du Commerce regagne Nouakchott en provenance d&#8217;Alg\u00e9rie"},"content":{"rendered":"<p>Le ministre du Commerce, de l&#8217;Industrie, de l&#8217;Artisanat et du Tourisme, M. Lemrabott Ould Bennahi, a regagn\u00e9 samedi soir Nouakchott en provenance d&#8217;Alg\u00e9rie apr\u00e8s avoir particip\u00e9 \u00e0 l&#8217;inauguration des manifestations marquant l&#8217;Exposition &#8220;Moggar International&#8221; organis\u00e9e dans la ville de Tindouf en R\u00e9publique Alg\u00e9rienne et \u00e0 laquelle notre pays a particip\u00e9 \u00e0 la pr\u00e9sente \u00e9dition en tant qu&#8217;invit\u00e9 d&#8217;honneur.<\/p>\n<p>Au cours de cette visite, le ministre \u00e9tait accompagn\u00e9 de M. Mahfoudh Ould Jiyid, directeur g\u00e9n\u00e9ral de l&#8217;Office national du tourisme, de Mme Hawa Diallo, commissaire g\u00e9n\u00e9rale des expositions, de M. Abidine Haiballa, directeur de l&#8217;artisanat, de M. Mohamed Lemine El Fayda, directeur de la promotion du commerce ext\u00e9rieur, et de M. Lafdal Ould Bettah, repr\u00e9sentant du secteur priv\u00e9 ainsi que du pr\u00e9sident du Conseil mauritano- alg\u00e9rien des hommes d&#8217;affaires.<\/p>\n","protected":false},"excerpt":{"rendered":"<p>Le ministre du Commerce, de l&#8217;Industrie, de l&#8217;Artisanat et du Tourisme, M. Lemrabott Ould Bennahi, a regagn\u00e9 samedi soir Nouakchott en provenance d&#8217;Alg\u00e9rie apr\u00e8s avoir particip\u00e9 \u00e0 l&#8217;inauguration des manifestations marquant l&#8217;Exposition &#8220;Moggar International&#8221; organis\u00e9e dans la ville de Tindouf en R\u00e9publique Alg\u00e9rienne et \u00e0 laquelle notre pays a particip\u00e9 \u00e0 la pr\u00e9sente \u00e9dition en [&hellip;]<\/p>\n","protected":false},"author":5,"featured_media":217120,"comment_status":"open","ping_status":"open","sticky":false,"template":"","format":"standard","meta":{"footnotes":""},"categories":[63918,63957,25],"tags":[],"class_list":["post-217119","post","type-post","status-publish","format-standard","has-post-thumbnail","hentry","category-autres","category-fil-dactualite","category-25"],"_links":{"self":[{"href":"https:\/\/ami.mr\/fr\/wp-json\/wp\/v2\/posts\/217119","targetHints":{"allow":["GET"]}}],"collection":[{"href":"https:\/\/ami.mr\/fr\/wp-json\/wp\/v2\/posts"}],"about":[{"href":"https:\/\/ami.mr\/fr\/wp-json\/wp\/v2\/types\/post"}],"author":[{"embeddable":true,"href":"https:\/\/ami.mr\/fr\/wp-json\/wp\/v2\/users\/5"}],"replies":[{"embeddable":true,"href":"https:\/\/ami.mr\/fr\/wp-json\/wp\/v2\/comments?post=217119"}],"version-history":[{"count":1,"href":"https:\/\/ami.mr\/fr\/wp-json\/wp\/v2\/posts\/217119\/revisions"}],"predecessor-version":[{"id":217121,"href":"https:\/\/ami.mr\/fr\/wp-json\/wp\/v2\/posts\/217119\/revisions\/217121"}],"wp:featuredmedia":[{"embeddable":true,"href":"https:\/\/ami.mr\/fr\/wp-json\/wp\/v2\/media\/217120"}],"wp:attachment":[{"href":"https:\/\/ami.mr\/fr\/wp-json\/wp\/v2\/media?parent=217119"}],"wp:term":[{"taxonomy":"category","embeddable":true,"href":"https:\/\/ami.mr\/fr\/wp-json\/wp\/v2\/categories?post=217119"},{"taxonomy":"post_tag","embeddable":true,"href":"https:\/\/ami.mr\/fr\/wp-json\/wp\/v2\/tags?post=217119"}],"curies":[{"name":"wp","href":"https:\/\/api.w.org\/{rel}","templated":true}]}}