{"id":216616,"date":"2023-02-17T20:21:24","date_gmt":"2023-02-17T20:21:24","guid":{"rendered":"https:\/\/ami.mr\/fr\/?p=216616"},"modified":"2023-02-20T15:37:35","modified_gmt":"2023-02-20T15:37:35","slug":"ministre-de-la-transformation-numerique-le-projet-de-developpement-du-reseau-intranet-administratif-haut-debit-assure-une-connexion-securisee-et-digne-de-confiance","status":"publish","type":"post","link":"https:\/\/ami.mr\/fr\/archives\/216616","title":{"rendered":"Ministre de la Transformation Num\u00e9rique : Le projet de d\u00e9veloppement du r\u00e9seau intranet administratif haut d\u00e9bit assure une connexion s\u00e9curis\u00e9e et digne de confiance"},"content":{"rendered":"<div class=\"row\">\n<div class=\"cell auto-size bd-gray\" dir=\"ltr\"><\/div>\n<\/div>\n<div class=\"row\">\n<div class=\"cell auto-size\">\n<div class=\"set-border bd-gray padding10 margin10 no-margin-right no-margin-left \" dir=\"ltr\">\n<p>Le minist\u00e8re de la Transformation num\u00e9rique, de l&#8217;Innovation et de la Modernisation de l&#8217;Administration a lanc\u00e9 un projet d&#8217;extension et de d\u00e9veloppement du r\u00e9seau Intranet administratif haut d\u00e9bit (RIAD) au niveau des wilayas de Nouakchott.<\/p>\n<p>Le projet consiste \u00e0 d\u00e9ployer un r\u00e9seau internet efficace dans tous les services publics au niveau des trois wilayas de Nouakchott, des d\u00e9partements minist\u00e9riels et des \u00e9tablissements publics, qui assurera l\u2019intranet, l&#8217;acc\u00e8s \u00e0 un r\u00e9seau internet haut d\u00e9bit et s\u00e9curis\u00e9 et l&#8217;utilisation d&#8217;un syst\u00e8me fiable pour le travail d&#8217;\u00e9quipe.<\/p>\n<p>Il vise \u00e0 stimuler la coop\u00e9ration entre les organismes et les services publics nationaux en plus du partage des donn\u00e9es et des syst\u00e8mes d&#8217;information, a affirm\u00e9 \u00e0 cette occasion, le ministre M. El Mokhtar Ould Ahmed El Yedaly.<\/p>\n<p>le ministre a pr\u00e9cis\u00e9 que la phase actuelle vise \u00e0 mettre un r\u00e9seau de communication s\u00fbr et fiable \u00e0 la disposition des services publics au niveau de la capitale Nouakchott avant son \u00e9largissement ult\u00e9rieur au niveau national.<\/p>\n<p>Ledit projet s\u2019articule autour de 4 volets \u00e0 savoir automatiser l\u2019administration publique \u00e0 Nouakchott en intranet haut d\u00e9bit, \u00e0 travers les fibres optiques, ancrer un syst\u00e8me s\u00fbr de coop\u00e9ration et d\u2019action participative en plus du partager d\u2019une plate-forme unifi\u00e9e pour h\u00e9berger des donn\u00e9es et d\u00e9velopper efficacement et en toute s\u00e9curit\u00e9 un r\u00e9seau urbain r\u00e9seau de communication, a poursuit le ministre.<\/p>\n<p>Selon le ministre, le projet permettra d&#8217;am\u00e9liorer le service et de s\u00e9curiser la communication publique entre les d\u00e9partements, tout en garantissant la confidentialit\u00e9 des communications des hauts fonctionnaires de l\u2019\u00c9tat et en s\u00e9curisant leurs d\u00e9lib\u00e9rations sur les sujets sensibles.<\/p>\n<p>M. Yedaly a, \u00e9galement, indiqu\u00e9 que projet ira de pair avec la num\u00e9risation des services publics, qui figure dans le programme \u00ab Taahoudati \u00bb de Son Excellence le Pr\u00e9sident de la R\u00e9publique, Monsieur Mohamed Ould Cheikh El Ghazouani, un engagement qui prend aujourd\u2019hui concr\u00e8tement forme sur le terrain de la r\u00e9alit\u00e9 \u00e0 travers la num\u00e9risation compl\u00e8te de toutes les proc\u00e9dures de candidature aux concours nationaux depuis le d\u00e9but de 2023.<\/p>\n<p>\u00ab Le d\u00e9partement \u00e9largira bient\u00f4t ce mod\u00e8le pour inclure d&#8217;autres services publics, y compris ceux li\u00e9s aux concours publics \u00bb, a conclu le ministre.<\/p>\n<p>Le directeur du projet de d\u00e9veloppement du r\u00e9seau intranet administratif, M. Cheikh Oumar Ly a donn\u00e9 \u00e0 cette occasion des explications d\u00e9taill\u00e9es sur l&#8217;importance et la rapidit\u00e9 de l&#8217;Internet.<\/p>\n<p>Le Ministre de l&#8217;Emploi et de la Formation professionnelle, le Pr\u00e9sident de l&#8217;Union Nationale du Patronat mauritanien et des cadres du d\u00e9partement ont assist\u00e9 \u00e0 cette c\u00e9r\u00e9monie.<\/p>\n<\/div>\n<\/div>\n<\/div>\n","protected":false},"excerpt":{"rendered":"<p>Le minist\u00e8re de la Transformation num\u00e9rique, de l&#8217;Innovation et de la Modernisation de l&#8217;Administration a lanc\u00e9 un projet d&#8217;extension et de d\u00e9veloppement du r\u00e9seau Intranet administratif haut d\u00e9bit (RIAD) au niveau des wilayas de Nouakchott. Le projet consiste \u00e0 d\u00e9ployer un r\u00e9seau internet efficace dans tous les services publics au niveau des trois wilayas de [&hellip;]<\/p>\n","protected":false},"author":18,"featured_media":216617,"comment_status":"open","ping_status":"open","sticky":false,"template":"","format":"standard","meta":{"footnotes":""},"categories":[63920,63919,9,63957,63922],"tags":[],"class_list":["post-216616","post","type-post","status-publish","format-standard","has-post-thumbnail","hentry","category-a-la-une","category-choix-du-redacteur","category-9","category-fil-dactualite","category-slider-economie"],"_links":{"self":[{"href":"https:\/\/ami.mr\/fr\/wp-json\/wp\/v2\/posts\/216616","targetHints":{"allow":["GET"]}}],"collection":[{"href":"https:\/\/ami.mr\/fr\/wp-json\/wp\/v2\/posts"}],"about":[{"href":"https:\/\/ami.mr\/fr\/wp-json\/wp\/v2\/types\/post"}],"author":[{"embeddable":true,"href":"https:\/\/ami.mr\/fr\/wp-json\/wp\/v2\/users\/18"}],"replies":[{"embeddable":true,"href":"https:\/\/ami.mr\/fr\/wp-json\/wp\/v2\/comments?post=216616"}],"version-history":[{"count":1,"href":"https:\/\/ami.mr\/fr\/wp-json\/wp\/v2\/posts\/216616\/revisions"}],"predecessor-version":[{"id":216618,"href":"https:\/\/ami.mr\/fr\/wp-json\/wp\/v2\/posts\/216616\/revisions\/216618"}],"wp:featuredmedia":[{"embeddable":true,"href":"https:\/\/ami.mr\/fr\/wp-json\/wp\/v2\/media\/216617"}],"wp:attachment":[{"href":"https:\/\/ami.mr\/fr\/wp-json\/wp\/v2\/media?parent=216616"}],"wp:term":[{"taxonomy":"category","embeddable":true,"href":"https:\/\/ami.mr\/fr\/wp-json\/wp\/v2\/categories?post=216616"},{"taxonomy":"post_tag","embeddable":true,"href":"https:\/\/ami.mr\/fr\/wp-json\/wp\/v2\/tags?post=216616"}],"curies":[{"name":"wp","href":"https:\/\/api.w.org\/{rel}","templated":true}]}}