{"id":216240,"date":"2023-02-11T19:23:38","date_gmt":"2023-02-11T19:23:38","guid":{"rendered":"https:\/\/ami.mr\/fr\/?p=216240"},"modified":"2023-02-11T19:23:38","modified_gmt":"2023-02-11T19:23:38","slug":"adrar-arrivee-de-139-touristes-a-atar","status":"publish","type":"post","link":"https:\/\/ami.mr\/fr\/archives\/216240","title":{"rendered":"Adrar: Arriv\u00e9e de 139 touristes \u00e0 Atar"},"content":{"rendered":"<div class=\"row\">\n<div class=\"cell auto-size bd-gray\" dir=\"ltr\"><\/div>\n<\/div>\n<div class=\"row\">\n<div class=\"cell auto-size\">\n<div class=\"set-border bd-gray padding10 margin10 no-margin-right no-margin-left \" dir=\"ltr\">\n<p>Le 9eme vol transportant 139 touristes est arriv\u00e9, samedi \u00e0 Atar en provenance de la France, et ce dans le cadre des vols programm\u00e9s dans le cadre de la saison touristique pour 2022-2023.<\/p>\n<p>Le repr\u00e9sentant de la Soci\u00e9t\u00e9 des a\u00e9roports de Mauritanie, M. Mohamed Mahmoud Ould Chbih, a indiqu\u00e9, dans une d\u00e9claration au bureau r\u00e9gional de l&#8217;AMI que les touristes arriv\u00e9s samedi se composent de diff\u00e9rentes nationalit\u00e9s europ\u00e9ennes, soulignant que la poursuite de ces vols prouve l&#8217;int\u00e9r\u00eat dont jouit le tourisme national \u00e0 l&#8217;ext\u00e9rieur.<\/p>\n<p>Il a ajout\u00e9 que toutes les dispositions ont \u00e9t\u00e9 prises pour la r\u00e9ussite de l&#8217;actuelle saison touristique, pr\u00e9cisant que le tourisme compte parmi les plus importantes ressources \u00e9conomiques pour les populations de la wilaya de l&#8217;Adrar et pour le d\u00e9veloppement de la wilaya.<\/p>\n<\/div>\n<\/div>\n<\/div>\n","protected":false},"excerpt":{"rendered":"<p>Le 9eme vol transportant 139 touristes est arriv\u00e9, samedi \u00e0 Atar en provenance de la France, et ce dans le cadre des vols programm\u00e9s dans le cadre de la saison touristique pour 2022-2023. Le repr\u00e9sentant de la Soci\u00e9t\u00e9 des a\u00e9roports de Mauritanie, M. Mohamed Mahmoud Ould Chbih, a indiqu\u00e9, dans une d\u00e9claration au bureau r\u00e9gional [&hellip;]<\/p>\n","protected":false},"author":8,"featured_media":216241,"comment_status":"open","ping_status":"open","sticky":false,"template":"","format":"standard","meta":{"footnotes":""},"categories":[63918,63919,63957],"tags":[],"class_list":["post-216240","post","type-post","status-publish","format-standard","has-post-thumbnail","hentry","category-autres","category-choix-du-redacteur","category-fil-dactualite"],"_links":{"self":[{"href":"https:\/\/ami.mr\/fr\/wp-json\/wp\/v2\/posts\/216240","targetHints":{"allow":["GET"]}}],"collection":[{"href":"https:\/\/ami.mr\/fr\/wp-json\/wp\/v2\/posts"}],"about":[{"href":"https:\/\/ami.mr\/fr\/wp-json\/wp\/v2\/types\/post"}],"author":[{"embeddable":true,"href":"https:\/\/ami.mr\/fr\/wp-json\/wp\/v2\/users\/8"}],"replies":[{"embeddable":true,"href":"https:\/\/ami.mr\/fr\/wp-json\/wp\/v2\/comments?post=216240"}],"version-history":[{"count":1,"href":"https:\/\/ami.mr\/fr\/wp-json\/wp\/v2\/posts\/216240\/revisions"}],"predecessor-version":[{"id":216242,"href":"https:\/\/ami.mr\/fr\/wp-json\/wp\/v2\/posts\/216240\/revisions\/216242"}],"wp:featuredmedia":[{"embeddable":true,"href":"https:\/\/ami.mr\/fr\/wp-json\/wp\/v2\/media\/216241"}],"wp:attachment":[{"href":"https:\/\/ami.mr\/fr\/wp-json\/wp\/v2\/media?parent=216240"}],"wp:term":[{"taxonomy":"category","embeddable":true,"href":"https:\/\/ami.mr\/fr\/wp-json\/wp\/v2\/categories?post=216240"},{"taxonomy":"post_tag","embeddable":true,"href":"https:\/\/ami.mr\/fr\/wp-json\/wp\/v2\/tags?post=216240"}],"curies":[{"name":"wp","href":"https:\/\/api.w.org\/{rel}","templated":true}]}}