{"id":216084,"date":"2023-02-08T22:04:37","date_gmt":"2023-02-08T22:04:37","guid":{"rendered":"https:\/\/ami.mr\/fr\/?p=216084"},"modified":"2023-02-08T22:04:37","modified_gmt":"2023-02-08T22:04:37","slug":"le-wali-du-brakna-effectue-une-visite-dinspection-dans-la-moughataa-de-boghe","status":"publish","type":"post","link":"https:\/\/ami.mr\/fr\/archives\/216084","title":{"rendered":"Le wali du Brakna effectue une visite d&#8217;inspection dans la moughataa de Bogh\u00e9"},"content":{"rendered":"<div class=\"row\"><\/div>\n<div class=\"row\">\n<div class=\"cell auto-size\">\n<div class=\"set-border bd-gray padding10 margin10 no-margin-right no-margin-left \" dir=\"ltr\">\n<p>Le wali du Brakna, M. Mohamed Ould Salek, a effectu\u00e9, mardi, une visite d&#8217;inspection dans un certain nombre de services de la moughataa de Bogh\u00e9.<\/p>\n<p>Visitant l\u2019h\u00f4tel de ville, le wali s\u2019est rendu en premier lieu au centre du Recensement Administratif \u00e0 Vocation \u00e9lectorale (RAVEL) et a \u00e9t\u00e9 inform\u00e9 du d\u00e9roulement du processus et des circonstances dans lesquelles il se d\u00e9roule avant de visiter l&#8217;\u00e9cole 4 de Bogh\u00e9 et la visite lui a permis de s\u2019informer sur le d\u00e9roulement des cours au niveau de cette \u00e9cole.<\/p>\n<p>Lors d&#8217;un entretien \u00e9largi avec les \u00e9lus et les citoyens de la ville, le wali a soulign\u00e9 l&#8217;importance de l&#8217;\u00e9cole r\u00e9publicaine, la n\u00e9cessit\u00e9 pour chacun d&#8217;y participer, et le r\u00f4le qu&#8217;elle joue dans l&#8217;effacement des \u00e9carts sociaux et la formation de g\u00e9n\u00e9rations \u00e9duqu\u00e9es et r\u00e9concili\u00e9es avec elles-m\u00eames et capables de contribuer fortement au processus de construction et de d\u00e9veloppement, pr\u00e9cisant que cette visite s&#8217;inscrit dans le cadre du rapprochement de l\u2019administration publique de ses usagers.<\/p>\n<p>Le wali a rappel\u00e9 les \u00e9ch\u00e9ances \u00e9lectorales qui n\u00e9cessitent la participation de tous, mais que cela ne pourra se faire qu&#8217;en se rendant dans les centres de recensement administratif \u00e0 vocation \u00e9lectorale pour se faire recenser.<\/p>\n<p>Au cours de la r\u00e9union, les participants ont pr\u00e9sent\u00e9 un certain nombre de probl\u00e8mes dont souffre la ville de Bogh\u00e9, et les chefs de services r\u00e9gionaux ont r\u00e9pondu \u00e0 ces questions, chacun en ce qui le concernait.<\/p>\n<\/div>\n<\/div>\n<\/div>\n","protected":false},"excerpt":{"rendered":"<p>Le wali du Brakna, M. Mohamed Ould Salek, a effectu\u00e9, mardi, une visite d&#8217;inspection dans un certain nombre de services de la moughataa de Bogh\u00e9. Visitant l\u2019h\u00f4tel de ville, le wali s\u2019est rendu en premier lieu au centre du Recensement Administratif \u00e0 Vocation \u00e9lectorale (RAVEL) et a \u00e9t\u00e9 inform\u00e9 du d\u00e9roulement du processus et des [&hellip;]<\/p>\n","protected":false},"author":8,"featured_media":216088,"comment_status":"open","ping_status":"open","sticky":false,"template":"","format":"standard","meta":{"footnotes":""},"categories":[63918,63919,63957],"tags":[],"class_list":["post-216084","post","type-post","status-publish","format-standard","has-post-thumbnail","hentry","category-autres","category-choix-du-redacteur","category-fil-dactualite"],"_links":{"self":[{"href":"https:\/\/ami.mr\/fr\/wp-json\/wp\/v2\/posts\/216084","targetHints":{"allow":["GET"]}}],"collection":[{"href":"https:\/\/ami.mr\/fr\/wp-json\/wp\/v2\/posts"}],"about":[{"href":"https:\/\/ami.mr\/fr\/wp-json\/wp\/v2\/types\/post"}],"author":[{"embeddable":true,"href":"https:\/\/ami.mr\/fr\/wp-json\/wp\/v2\/users\/8"}],"replies":[{"embeddable":true,"href":"https:\/\/ami.mr\/fr\/wp-json\/wp\/v2\/comments?post=216084"}],"version-history":[{"count":1,"href":"https:\/\/ami.mr\/fr\/wp-json\/wp\/v2\/posts\/216084\/revisions"}],"predecessor-version":[{"id":216089,"href":"https:\/\/ami.mr\/fr\/wp-json\/wp\/v2\/posts\/216084\/revisions\/216089"}],"wp:featuredmedia":[{"embeddable":true,"href":"https:\/\/ami.mr\/fr\/wp-json\/wp\/v2\/media\/216088"}],"wp:attachment":[{"href":"https:\/\/ami.mr\/fr\/wp-json\/wp\/v2\/media?parent=216084"}],"wp:term":[{"taxonomy":"category","embeddable":true,"href":"https:\/\/ami.mr\/fr\/wp-json\/wp\/v2\/categories?post=216084"},{"taxonomy":"post_tag","embeddable":true,"href":"https:\/\/ami.mr\/fr\/wp-json\/wp\/v2\/tags?post=216084"}],"curies":[{"name":"wp","href":"https:\/\/api.w.org\/{rel}","templated":true}]}}