{"id":216019,"date":"2023-02-07T22:00:54","date_gmt":"2023-02-07T22:00:54","guid":{"rendered":"https:\/\/ami.mr\/fr\/?p=216019"},"modified":"2023-02-07T22:00:54","modified_gmt":"2023-02-07T22:00:54","slug":"le-ministre-de-la-culture-sentretient-avec-le-directeur-du-bureau-de-lunesco-a-rabat","status":"publish","type":"post","link":"https:\/\/ami.mr\/fr\/archives\/216019","title":{"rendered":"Le ministre de la culture s&#8217;entretient avec le directeur du bureau de l&#8217;UNESCO \u00e0 Rabat"},"content":{"rendered":"<div class=\"row\">\n<div class=\"cell auto-size bd-gray\" dir=\"ltr\"><\/div>\n<\/div>\n<div class=\"row\">\n<div class=\"cell auto-size\">\n<div class=\"set-border bd-gray padding10 margin10 no-margin-right no-margin-left \" dir=\"ltr\">\n<p>Le ministre de la Culture, de la Jeunesse, des Sports et des Relations avec le Parlement, M. Mohamed Ould Soueidatt, a eu un entretien lundi \u00e0 Rabat, avec M. Eric Walt, directeur de l&#8217;UNESCO au Bureau \u00e0 Rabat, charg\u00e9 de la coordination entre l&#8217;Organisation et les pays du Maghreb.<\/p>\n<p>L\u2019entrevue, qui s&#8217;est d\u00e9roul\u00e9e en pr\u00e9sence du secr\u00e9taire g\u00e9n\u00e9ral de la Commission nationale de l&#8217;\u00e9ducation, pour la culture et les sciences, M. Mohamed Ould Sidi Abdallahi, a port\u00e9 sur les perspectives de coop\u00e9ration existant entre la Mauritanie et l&#8217;organisation, les programmes et projets qu&#8217;elle met en \u0153uvre en Mauritanie.<\/p>\n<p>Au cours de l&#8217;audience, le ministre a \u00e9galement \u00e9voqu\u00e9 divers aspects de la coop\u00e9ration dans les domaines de la culture, de la jeunesse et des m\u00e9dias, rappelant la r\u00e9cente ratification par la Mauritanie de la plupart des conventions de l&#8217;UNESCO relatives au patrimoine.<\/p>\n<p>Notons que le ministre se trouve actuellement au Royaume du Maroc \u00e0 l&#8217;invitation du directeur g\u00e9n\u00e9ral de l&#8217;Organisation du Monde Islamique pour l\u2019\u00c9ducation, la Science et la Culture (UNESCO).<\/p>\n<\/div>\n<\/div>\n<\/div>\n","protected":false},"excerpt":{"rendered":"<p>Le ministre de la Culture, de la Jeunesse, des Sports et des Relations avec le Parlement, M. Mohamed Ould Soueidatt, a eu un entretien lundi \u00e0 Rabat, avec M. Eric Walt, directeur de l&#8217;UNESCO au Bureau \u00e0 Rabat, charg\u00e9 de la coordination entre l&#8217;Organisation et les pays du Maghreb. L\u2019entrevue, qui s&#8217;est d\u00e9roul\u00e9e en pr\u00e9sence [&hellip;]<\/p>\n","protected":false},"author":8,"featured_media":216020,"comment_status":"open","ping_status":"open","sticky":false,"template":"","format":"standard","meta":{"footnotes":""},"categories":[63920,63919,63957],"tags":[],"class_list":["post-216019","post","type-post","status-publish","format-standard","has-post-thumbnail","hentry","category-a-la-une","category-choix-du-redacteur","category-fil-dactualite"],"_links":{"self":[{"href":"https:\/\/ami.mr\/fr\/wp-json\/wp\/v2\/posts\/216019","targetHints":{"allow":["GET"]}}],"collection":[{"href":"https:\/\/ami.mr\/fr\/wp-json\/wp\/v2\/posts"}],"about":[{"href":"https:\/\/ami.mr\/fr\/wp-json\/wp\/v2\/types\/post"}],"author":[{"embeddable":true,"href":"https:\/\/ami.mr\/fr\/wp-json\/wp\/v2\/users\/8"}],"replies":[{"embeddable":true,"href":"https:\/\/ami.mr\/fr\/wp-json\/wp\/v2\/comments?post=216019"}],"version-history":[{"count":1,"href":"https:\/\/ami.mr\/fr\/wp-json\/wp\/v2\/posts\/216019\/revisions"}],"predecessor-version":[{"id":216021,"href":"https:\/\/ami.mr\/fr\/wp-json\/wp\/v2\/posts\/216019\/revisions\/216021"}],"wp:featuredmedia":[{"embeddable":true,"href":"https:\/\/ami.mr\/fr\/wp-json\/wp\/v2\/media\/216020"}],"wp:attachment":[{"href":"https:\/\/ami.mr\/fr\/wp-json\/wp\/v2\/media?parent=216019"}],"wp:term":[{"taxonomy":"category","embeddable":true,"href":"https:\/\/ami.mr\/fr\/wp-json\/wp\/v2\/categories?post=216019"},{"taxonomy":"post_tag","embeddable":true,"href":"https:\/\/ami.mr\/fr\/wp-json\/wp\/v2\/tags?post=216019"}],"curies":[{"name":"wp","href":"https:\/\/api.w.org\/{rel}","templated":true}]}}