{"id":216001,"date":"2023-02-07T20:51:07","date_gmt":"2023-02-07T20:51:07","guid":{"rendered":"https:\/\/ami.mr\/fr\/?p=216001"},"modified":"2023-02-13T15:14:03","modified_gmt":"2023-02-13T15:14:03","slug":"reunion-du-comite-interministeriel-charge-du-suivi-du-plan-national-de-lutte-contre-la-traite-des-etres-humains","status":"publish","type":"post","link":"https:\/\/ami.mr\/fr\/archives\/216001","title":{"rendered":"R\u00e9union du Comit\u00e9 interminist\u00e9riel charg\u00e9 du suivi du plan national de lutte contre la traite des \u00eatres humains"},"content":{"rendered":"<div class=\"row\">\n<div class=\"cell auto-size bd-gray\" dir=\"ltr\"><\/div>\n<\/div>\n<div class=\"row\">\n<div class=\"cell auto-size\">\n<div class=\"set-border bd-gray padding10 margin10 no-margin-right no-margin-left \" dir=\"ltr\">\n<p>Le Premier ministre Mohamed Ould Bilal Messaoud a pr\u00e9sid\u00e9, mardi au Premier ministre \u00e0 Nouakchott, une r\u00e9union du comit\u00e9 minist\u00e9riel charg\u00e9 du suivi du plan national de lutte contre la traite des \u00eatres humains et de protection des migrants.<\/p>\n<p>Au cours de la r\u00e9union, un expos\u00e9 a \u00e9t\u00e9 pr\u00e9sent\u00e9 sur l\u2019\u00e9tat d\u2019avancement de la mise en \u0153uvre du plan national de lutte contre la traite des \u00eatres humains, les m\u00e9canismes appliqu\u00e9s et les plans pratiques pour son ach\u00e8vement.<\/p>\n<p>Le comit\u00e9 interminist\u00e9riel a not\u00e9 avec satisfaction l\u2019\u00e9volution positive de la mise en \u0153uvre des recommandations de programmation du plan national de lutte contre la traite des \u00eatres humains et de protection des migrants.<\/p>\n<p>Au total 38 d\u00e9cisions judiciaires ont \u00e9t\u00e9 prononc\u00e9es depuis avril 2022 relatives \u00e0 des cas de traite d\u2019\u00eatres humains ou de pratiques esclavagistes et 42 dossiers \u00e0 l\u2019\u00e9tude.<\/p>\n<p>En conclusion, Le Premier ministre a engag\u00e9 tous les d\u00e9partements minist\u00e9riels intervenants \u00e0 prendre toutes les mesures juridiques, r\u00e9glementaires, administratives et financi\u00e8res afin d\u2019activer rapidement les m\u00e9canismes charg\u00e9s de lutter contre la traite des \u00eatres humains et les effets de l\u2019esclavage et de l\u2019exploitation des migrants.<\/p>\n<\/div>\n<\/div>\n<\/div>\n","protected":false},"excerpt":{"rendered":"<p>Le Premier ministre Mohamed Ould Bilal Messaoud a pr\u00e9sid\u00e9, mardi au Premier ministre \u00e0 Nouakchott, une r\u00e9union du comit\u00e9 minist\u00e9riel charg\u00e9 du suivi du plan national de lutte contre la traite des \u00eatres humains et de protection des migrants. Au cours de la r\u00e9union, un expos\u00e9 a \u00e9t\u00e9 pr\u00e9sent\u00e9 sur l\u2019\u00e9tat d\u2019avancement de la mise [&hellip;]<\/p>\n","protected":false},"author":8,"featured_media":216002,"comment_status":"open","ping_status":"open","sticky":false,"template":"","format":"standard","meta":{"footnotes":""},"categories":[63919,63957,63921,63927],"tags":[63990],"class_list":["post-216001","post","type-post","status-publish","format-standard","has-post-thumbnail","hentry","category-choix-du-redacteur","category-fil-dactualite","category-slider-afficher","category-slider-mauritanie","tag-activites-gouvernementales"],"_links":{"self":[{"href":"https:\/\/ami.mr\/fr\/wp-json\/wp\/v2\/posts\/216001","targetHints":{"allow":["GET"]}}],"collection":[{"href":"https:\/\/ami.mr\/fr\/wp-json\/wp\/v2\/posts"}],"about":[{"href":"https:\/\/ami.mr\/fr\/wp-json\/wp\/v2\/types\/post"}],"author":[{"embeddable":true,"href":"https:\/\/ami.mr\/fr\/wp-json\/wp\/v2\/users\/8"}],"replies":[{"embeddable":true,"href":"https:\/\/ami.mr\/fr\/wp-json\/wp\/v2\/comments?post=216001"}],"version-history":[{"count":1,"href":"https:\/\/ami.mr\/fr\/wp-json\/wp\/v2\/posts\/216001\/revisions"}],"predecessor-version":[{"id":216003,"href":"https:\/\/ami.mr\/fr\/wp-json\/wp\/v2\/posts\/216001\/revisions\/216003"}],"wp:featuredmedia":[{"embeddable":true,"href":"https:\/\/ami.mr\/fr\/wp-json\/wp\/v2\/media\/216002"}],"wp:attachment":[{"href":"https:\/\/ami.mr\/fr\/wp-json\/wp\/v2\/media?parent=216001"}],"wp:term":[{"taxonomy":"category","embeddable":true,"href":"https:\/\/ami.mr\/fr\/wp-json\/wp\/v2\/categories?post=216001"},{"taxonomy":"post_tag","embeddable":true,"href":"https:\/\/ami.mr\/fr\/wp-json\/wp\/v2\/tags?post=216001"}],"curies":[{"name":"wp","href":"https:\/\/api.w.org\/{rel}","templated":true}]}}