{"id":215695,"date":"2023-02-01T20:14:32","date_gmt":"2023-02-01T20:14:32","guid":{"rendered":"https:\/\/ami.mr\/fr\/?p=215695"},"modified":"2023-02-02T13:11:00","modified_gmt":"2023-02-02T13:11:00","slug":"arrivee-du-premier-ministre-a-rosso","status":"publish","type":"post","link":"https:\/\/ami.mr\/fr\/archives\/215695","title":{"rendered":"Arriv\u00e9e du Premier ministre \u00e0 Rosso"},"content":{"rendered":"<div class=\"cell auto-size\">\n<div class=\"set-border bd-gray padding10 margin10 no-margin-right no-margin-left \" dir=\"ltr\">\n<p>Le Premier ministre, M. Mohamed Ould Bilal Messoud, est arriv\u00e9 mercredi apr\u00e8s-midi, \u00e0 Rosso, pour assister \u00e0 la r\u00e9union du Conseil des ministres, que la ville doit abriter demain, Jeudi.<\/p>\n<p>Le Premier ministre a \u00e9t\u00e9 accueilli \u00e0 l&#8217;entr\u00e9e de la ville, par le wali du Trarza, M. Mohamed Ould Ahmed Mouloud, le pr\u00e9sident du conseil r\u00e9gional de la wilaya, M. Mohamed Ould Brahim Ould El Seyid, le commandant du Centre de formation technique de l&#8217;Arm\u00e9e nationale, colonel M. Ely El Asri, le hakem de Rosso et le maire de sa commune, les chefs des formations militaires et de s\u00e9curit\u00e9 de la wilaya.<\/p>\n<p>Le Premier ministre a salu\u00e9 les responsables venus l\u2019accueillir parmi les dirigeants locaux et notables de la wilaya, les \u00e9lus et autres personnalit\u00e9s.<\/p>\n<\/div>\n<\/div>\n","protected":false},"excerpt":{"rendered":"<p>Le Premier ministre, M. Mohamed Ould Bilal Messoud, est arriv\u00e9 mercredi apr\u00e8s-midi, \u00e0 Rosso, pour assister \u00e0 la r\u00e9union du Conseil des ministres, que la ville doit abriter demain, Jeudi. Le Premier ministre a \u00e9t\u00e9 accueilli \u00e0 l&#8217;entr\u00e9e de la ville, par le wali du Trarza, M. Mohamed Ould Ahmed Mouloud, le pr\u00e9sident du conseil [&hellip;]<\/p>\n","protected":false},"author":18,"featured_media":215696,"comment_status":"open","ping_status":"open","sticky":false,"template":"","format":"standard","meta":{"footnotes":""},"categories":[63919,63957,63921,63923,8672],"tags":[],"class_list":["post-215695","post","type-post","status-publish","format-standard","has-post-thumbnail","hentry","category-choix-du-redacteur","category-fil-dactualite","category-slider-afficher","category-slider-wilayas","category-8672"],"_links":{"self":[{"href":"https:\/\/ami.mr\/fr\/wp-json\/wp\/v2\/posts\/215695","targetHints":{"allow":["GET"]}}],"collection":[{"href":"https:\/\/ami.mr\/fr\/wp-json\/wp\/v2\/posts"}],"about":[{"href":"https:\/\/ami.mr\/fr\/wp-json\/wp\/v2\/types\/post"}],"author":[{"embeddable":true,"href":"https:\/\/ami.mr\/fr\/wp-json\/wp\/v2\/users\/18"}],"replies":[{"embeddable":true,"href":"https:\/\/ami.mr\/fr\/wp-json\/wp\/v2\/comments?post=215695"}],"version-history":[{"count":1,"href":"https:\/\/ami.mr\/fr\/wp-json\/wp\/v2\/posts\/215695\/revisions"}],"predecessor-version":[{"id":215697,"href":"https:\/\/ami.mr\/fr\/wp-json\/wp\/v2\/posts\/215695\/revisions\/215697"}],"wp:featuredmedia":[{"embeddable":true,"href":"https:\/\/ami.mr\/fr\/wp-json\/wp\/v2\/media\/215696"}],"wp:attachment":[{"href":"https:\/\/ami.mr\/fr\/wp-json\/wp\/v2\/media?parent=215695"}],"wp:term":[{"taxonomy":"category","embeddable":true,"href":"https:\/\/ami.mr\/fr\/wp-json\/wp\/v2\/categories?post=215695"},{"taxonomy":"post_tag","embeddable":true,"href":"https:\/\/ami.mr\/fr\/wp-json\/wp\/v2\/tags?post=215695"}],"curies":[{"name":"wp","href":"https:\/\/api.w.org\/{rel}","templated":true}]}}