{"id":215588,"date":"2023-01-30T21:45:05","date_gmt":"2023-01-30T21:45:05","guid":{"rendered":"https:\/\/ami.mr\/fr\/?p=215588"},"modified":"2023-01-31T16:08:21","modified_gmt":"2023-01-31T16:08:21","slug":"le-ministre-de-leducation-appelle-a-conjuguer-les-efforts-en-vue-dassurer-un-enseignement-de-qualite","status":"publish","type":"post","link":"https:\/\/ami.mr\/fr\/archives\/215588","title":{"rendered":"Le ministre de l&#8217;\u00c9ducation appelle \u00e0 conjuguer les efforts en vue d\u2019assurer un enseignement de qualit\u00e9"},"content":{"rendered":"<div class=\"row\">\n<div class=\"cell auto-size bd-gray\" dir=\"ltr\"><\/div>\n<\/div>\n<div class=\"row\">\n<div class=\"cell auto-size\">\n<div class=\"set-border bd-gray padding10 margin10 no-margin-right no-margin-left \" dir=\"ltr\">\n<p>Le Ministre de l&#8217;Education nationale et de la R\u00e9forme du Syst\u00e8me \u00e9ducatif, M. Brahim Vall Ould Mohamed Lemine, a effectu\u00e9 lundi, accompagn\u00e9 du Wali de l&#8217;Inchiri, M. Idrissa Demba Korera, une visite de terrain dans certains \u00e9tablissements d&#8217;enseignement \u00e0 Akjoujt. Le ministre a commenc\u00e9 sa visite \u00e0 l&#8217;\u00e9cole n\u00b01 d\u2019Akjoujt, o\u00f9 il a assist\u00e9 \u00e0 la lev\u00e9e du drapeau national par les \u00e9l\u00e8ves au son de l&#8217;hymne national, avant de visiter les classes de l&#8217;\u00e9cole.<\/p>\n<p>Ensuite, le ministre a visit\u00e9 l&#8217;\u00e9cole 7, le lyc\u00e9e d&#8217;Akjoujt et l&#8217;\u00e9cole normale des instituteurs (ENI), et a conclu la visite en tenant une r\u00e9union avec les responsables r\u00e9gionaux de l\u2019Education nationale et les associations des parents d\u2019\u00e9l\u00e8ves.<\/p>\n<p>Au cours de la r\u00e9union, le ministre a soulign\u00e9 que l&#8217;objectif de cette visite, qui s&#8217;inscrit dans une s\u00e9rie de visites dans plusieurs wilayas, est de se tenir au plus pr\u00e8s des conditions d&#8217;\u00e9ducation et de voir les probl\u00e8mes qui se posent.<\/p>\n<p>Il a ajout\u00e9 que Son Excellence le Pr\u00e9sident de la R\u00e9publique, M. Mohamed Ould Cheikh El-Ghazouani, a cr\u00e9\u00e9 un fonds sp\u00e9cial pour promouvoir le secteur de l&#8217;Education, par souci de r\u00e9former le secteur en raison de sa priorit\u00e9 dans son programme \u00e9lectoral, qui est traduit par les directives de l&#8217;\u00c9tat relatives \u00e0 la cr\u00e9ation de l&#8217;\u00c9cole r\u00e9publicaine.<\/p>\n<p>Le ministre a \u00e9galement r\u00e9pondu aux interventions de l&#8217;auditoire, soulignant que le d\u00e9partement mobilise tous les moyens dont il dispose pour surmonter toutes les difficult\u00e9s auxquelles il fait face.<\/p>\n<p>A son tour, le maire de la commune d&#8217;Akjoujt, M. Ahmed Ould Yacoub, a souhait\u00e9 la bienvenue au ministre et \u00e0 la d\u00e9l\u00e9gation qui l&#8217;accompagne, saluant les am\u00e9liorations apport\u00e9es au syst\u00e8me \u00e9ducatif, qu\u2019il s\u2019agisse des infrastructures, des uniformes, ou encore des manuels scolaires.<\/p>\n<p>Quant \u00e0 la pr\u00e9sidente de la r\u00e9gion d&#8217;Inchiri, Mme Aghlana Mint Allouch, a appel\u00e9 \u00e0 acc\u00e9l\u00e9rer le rythme des travaux de construction des \u00e9tablissements d&#8217;enseignement en construction dans la wilaya.<\/p>\n<\/div>\n<\/div>\n<\/div>\n","protected":false},"excerpt":{"rendered":"<p>Le Ministre de l&#8217;Education nationale et de la R\u00e9forme du Syst\u00e8me \u00e9ducatif, M. Brahim Vall Ould Mohamed Lemine, a effectu\u00e9 lundi, accompagn\u00e9 du Wali de l&#8217;Inchiri, M. Idrissa Demba Korera, une visite de terrain dans certains \u00e9tablissements d&#8217;enseignement \u00e0 Akjoujt. Le ministre a commenc\u00e9 sa visite \u00e0 l&#8217;\u00e9cole n\u00b01 d\u2019Akjoujt, o\u00f9 il a assist\u00e9 \u00e0 [&hellip;]<\/p>\n","protected":false},"author":8,"featured_media":215628,"comment_status":"open","ping_status":"open","sticky":false,"template":"","format":"standard","meta":{"footnotes":""},"categories":[63920,63957,63923,8672],"tags":[],"class_list":["post-215588","post","type-post","status-publish","format-standard","has-post-thumbnail","hentry","category-a-la-une","category-fil-dactualite","category-slider-wilayas","category-8672"],"_links":{"self":[{"href":"https:\/\/ami.mr\/fr\/wp-json\/wp\/v2\/posts\/215588","targetHints":{"allow":["GET"]}}],"collection":[{"href":"https:\/\/ami.mr\/fr\/wp-json\/wp\/v2\/posts"}],"about":[{"href":"https:\/\/ami.mr\/fr\/wp-json\/wp\/v2\/types\/post"}],"author":[{"embeddable":true,"href":"https:\/\/ami.mr\/fr\/wp-json\/wp\/v2\/users\/8"}],"replies":[{"embeddable":true,"href":"https:\/\/ami.mr\/fr\/wp-json\/wp\/v2\/comments?post=215588"}],"version-history":[{"count":1,"href":"https:\/\/ami.mr\/fr\/wp-json\/wp\/v2\/posts\/215588\/revisions"}],"predecessor-version":[{"id":215590,"href":"https:\/\/ami.mr\/fr\/wp-json\/wp\/v2\/posts\/215588\/revisions\/215590"}],"wp:featuredmedia":[{"embeddable":true,"href":"https:\/\/ami.mr\/fr\/wp-json\/wp\/v2\/media\/215628"}],"wp:attachment":[{"href":"https:\/\/ami.mr\/fr\/wp-json\/wp\/v2\/media?parent=215588"}],"wp:term":[{"taxonomy":"category","embeddable":true,"href":"https:\/\/ami.mr\/fr\/wp-json\/wp\/v2\/categories?post=215588"},{"taxonomy":"post_tag","embeddable":true,"href":"https:\/\/ami.mr\/fr\/wp-json\/wp\/v2\/tags?post=215588"}],"curies":[{"name":"wp","href":"https:\/\/api.w.org\/{rel}","templated":true}]}}