{"id":215423,"date":"2023-01-27T12:12:10","date_gmt":"2023-01-27T12:12:10","guid":{"rendered":"https:\/\/ami.mr\/fr\/?p=215423"},"modified":"2023-01-27T13:25:59","modified_gmt":"2023-01-27T13:25:59","slug":"la-ministre-de-laction-sociale-prend-part-aux-travaux-de-la-42eme-session-des-ministres-arabes-des-affaires-sociales","status":"publish","type":"post","link":"https:\/\/ami.mr\/fr\/archives\/215423","title":{"rendered":"La ministre de l&#8217;Action sociale prend part aux travaux de la 42\u00e8me session des ministres arabes des affaires sociales"},"content":{"rendered":"<p>La ministre de l&#8217;Action sociale, de l&#8217;Enfance et de la Famille, Mme Savia Mint N&#8217;tehah a pris part, hier jeudi \u00e0 Doha (Qatar), aux travaux de la de la 42\u00e8me session des ministres arabes des affaires sociales organis\u00e9e sous le th\u00e8me : &#8220;Droits des personnes handicap\u00e9es et la pauvret\u00e9 multidimensionnelle&#8221;.<\/p>\n<p>Les participants \u00e0 la session discutent plusieurs sujets portant, entre autres, sur la famille, l&#8217;enfance et les droits des personnes \u00e2g\u00e9es et handicap\u00e9es.<\/p>\n<p>Dans son discours devant les participants, la ministre a indiqu\u00e9 que le renforcement de l&#8217;action arabe est une priorit\u00e9 pour la Mauritanie conform\u00e9ment au programme de r\u00e9forme du Pr\u00e9sident de la R\u00e9publique, Son Excellence Monsieur Mohamed Ould Cheikh El Ghazouani, qui a insist\u00e9 lors dernier Sommet d&#8217;Alger sur la conjugaison des efforts des pays arabes pour faire face aux diff\u00e9rentes crises internationales. Elle a pr\u00e9cis\u00e9 que la Mauritanie est d\u00e9termin\u00e9e \u00e0 travailler avec les pays dans tout ce qui peut renforcer l&#8217;action arabe, en particulier le social.<\/p>\n<p>Mme Savia Mint N&#8217;tehah a \u00e9galement assur\u00e9 que son d\u00e9partement accorde la priorit\u00e9 \u00e0 la prise en charge des malades handicap\u00e9s, la protection de la femme, son autonomisation et sa participation au le processus de d\u00e9veloppement du pays et dans domaines politiques et sociaux, soulignant que l&#8217;action du minist\u00e8re vise \u00e9galement l&#8217;enseignement des enfants des familles n\u00e9cessiteuses dans le pr\u00e8s-scolaire.<\/p>\n<p>En marge des travaux, la ministre et ses homologues ont plant\u00e9 l&#8217;arabe de la famille arabe donnant ainsi le coup d&#8217;envoi de la campagne l&#8217;enracinement des valeurs de la famille.<\/p>\n","protected":false},"excerpt":{"rendered":"<p>La ministre de l&#8217;Action sociale, de l&#8217;Enfance et de la Famille, Mme Savia Mint N&#8217;tehah a pris part, hier jeudi \u00e0 Doha (Qatar), aux travaux de la de la 42\u00e8me session des ministres arabes des affaires sociales organis\u00e9e sous le th\u00e8me : &#8220;Droits des personnes handicap\u00e9es et la pauvret\u00e9 multidimensionnelle&#8221;. Les participants \u00e0 la session [&hellip;]<\/p>\n","protected":false},"author":10,"featured_media":215424,"comment_status":"open","ping_status":"open","sticky":false,"template":"","format":"standard","meta":{"footnotes":""},"categories":[63920,63957,25],"tags":[],"class_list":["post-215423","post","type-post","status-publish","format-standard","has-post-thumbnail","hentry","category-a-la-une","category-fil-dactualite","category-25"],"_links":{"self":[{"href":"https:\/\/ami.mr\/fr\/wp-json\/wp\/v2\/posts\/215423","targetHints":{"allow":["GET"]}}],"collection":[{"href":"https:\/\/ami.mr\/fr\/wp-json\/wp\/v2\/posts"}],"about":[{"href":"https:\/\/ami.mr\/fr\/wp-json\/wp\/v2\/types\/post"}],"author":[{"embeddable":true,"href":"https:\/\/ami.mr\/fr\/wp-json\/wp\/v2\/users\/10"}],"replies":[{"embeddable":true,"href":"https:\/\/ami.mr\/fr\/wp-json\/wp\/v2\/comments?post=215423"}],"version-history":[{"count":1,"href":"https:\/\/ami.mr\/fr\/wp-json\/wp\/v2\/posts\/215423\/revisions"}],"predecessor-version":[{"id":215425,"href":"https:\/\/ami.mr\/fr\/wp-json\/wp\/v2\/posts\/215423\/revisions\/215425"}],"wp:featuredmedia":[{"embeddable":true,"href":"https:\/\/ami.mr\/fr\/wp-json\/wp\/v2\/media\/215424"}],"wp:attachment":[{"href":"https:\/\/ami.mr\/fr\/wp-json\/wp\/v2\/media?parent=215423"}],"wp:term":[{"taxonomy":"category","embeddable":true,"href":"https:\/\/ami.mr\/fr\/wp-json\/wp\/v2\/categories?post=215423"},{"taxonomy":"post_tag","embeddable":true,"href":"https:\/\/ami.mr\/fr\/wp-json\/wp\/v2\/tags?post=215423"}],"curies":[{"name":"wp","href":"https:\/\/api.w.org\/{rel}","templated":true}]}}