{"id":215393,"date":"2023-01-26T18:32:46","date_gmt":"2023-01-26T18:32:46","guid":{"rendered":"https:\/\/ami.mr\/fr\/?p=215393"},"modified":"2023-01-26T21:21:59","modified_gmt":"2023-01-26T21:21:59","slug":"le-ministre-de-la-culture-felicite-les-habitants-de-lekhcheb","status":"publish","type":"post","link":"https:\/\/ami.mr\/fr\/archives\/215393","title":{"rendered":"Le ministre de la Culture f\u00e9licite les habitants de Lekhcheb"},"content":{"rendered":"<p>Le ministre de la Culture, de la Jeunesse, des Sports et des Relations avec le Parlement, M. Mohamed Ould Soueidatt, a effectu\u00e9, mercredi, une visite \u00e0 l\u2019arrondissement de Lekhcheb, en compagnie du wali du Tagant, M. Teyib Ould Mohamed Mahmoud, au cours de laquelle il a tenu une r\u00e9union avec les habitants.<\/p>\n<p>Dans le mot qu\u2019il a prononc\u00e9 pour la circonstance, il a indiqu\u00e9 que le Pr\u00e9sident de la R\u00e9publique, Monsieur Mohamed Ould Cheikh El Ghazouani, a d\u00e9cid\u00e9, au cours de la 9\u00e8me l\u2019\u00e9dition du festival des cit\u00e9s du patrimoine tenue \u00e0 Chinguit, de ne plus limiter la manifestation aux seuls aspects folkloriques mais plut\u00f4t de le marquer par des actions concr\u00e8tes et p\u00e9rennes dont l\u2019impact d\u00e9passe la p\u00e9riode du festival.<\/p>\n<p>En effet, la nouvelle composante ajout\u00e9e au menu du festival consiste \u00e0 investir dans des projets de d\u00e9veloppement dans des domaines aussi vari\u00e9s que l\u2019agriculture, l\u2019eau, l\u2019\u00e9lectricit\u00e9, l\u2019environnement, l\u2019\u00e9levage, les communications, ou encore l\u2019habitat, ajoutant que la municipalit\u00e9 b\u00e9n\u00e9ficiera d\u2019une composante comprenant la construction du passage de \u2018\u2019kaneb\u2019\u2019et un logement pour le chef de l\u2019arrondissement.<\/p>\n<p>A son tour, le maire de la commune de Lekhcheb, M. Abdellahi Ould Ahmed Taleb, a lou\u00e9 cette aide financi\u00e8re g\u00e9n\u00e9reuse qui refl\u00e8te l\u2019attention accord\u00e9e par le Pr\u00e9sident de la R\u00e9publique au citoyen o\u00f9 il est, en particulier, les couches les d\u00e9sh\u00e9rit\u00e9es.<\/p>\n<p>M. le ministre \u00e9tait accompagn\u00e9, au cours de la visite, du chef de l\u2019arrondissement, des chefs des corps militaires et s\u00e9curitaires dans la Wilaya, au c\u00f4t\u00e9 des cadres du d\u00e9partement.<\/p>\n","protected":false},"excerpt":{"rendered":"<p>Le ministre de la Culture, de la Jeunesse, des Sports et des Relations avec le Parlement, M. Mohamed Ould Soueidatt, a effectu\u00e9, mercredi, une visite \u00e0 l\u2019arrondissement de Lekhcheb, en compagnie du wali du Tagant, M. Teyib Ould Mohamed Mahmoud, au cours de laquelle il a tenu une r\u00e9union avec les habitants. Dans le mot [&hellip;]<\/p>\n","protected":false},"author":8,"featured_media":215394,"comment_status":"open","ping_status":"open","sticky":false,"template":"","format":"standard","meta":{"footnotes":""},"categories":[63920,63919,63957],"tags":[],"class_list":["post-215393","post","type-post","status-publish","format-standard","has-post-thumbnail","hentry","category-a-la-une","category-choix-du-redacteur","category-fil-dactualite"],"_links":{"self":[{"href":"https:\/\/ami.mr\/fr\/wp-json\/wp\/v2\/posts\/215393","targetHints":{"allow":["GET"]}}],"collection":[{"href":"https:\/\/ami.mr\/fr\/wp-json\/wp\/v2\/posts"}],"about":[{"href":"https:\/\/ami.mr\/fr\/wp-json\/wp\/v2\/types\/post"}],"author":[{"embeddable":true,"href":"https:\/\/ami.mr\/fr\/wp-json\/wp\/v2\/users\/8"}],"replies":[{"embeddable":true,"href":"https:\/\/ami.mr\/fr\/wp-json\/wp\/v2\/comments?post=215393"}],"version-history":[{"count":3,"href":"https:\/\/ami.mr\/fr\/wp-json\/wp\/v2\/posts\/215393\/revisions"}],"predecessor-version":[{"id":215407,"href":"https:\/\/ami.mr\/fr\/wp-json\/wp\/v2\/posts\/215393\/revisions\/215407"}],"wp:featuredmedia":[{"embeddable":true,"href":"https:\/\/ami.mr\/fr\/wp-json\/wp\/v2\/media\/215394"}],"wp:attachment":[{"href":"https:\/\/ami.mr\/fr\/wp-json\/wp\/v2\/media?parent=215393"}],"wp:term":[{"taxonomy":"category","embeddable":true,"href":"https:\/\/ami.mr\/fr\/wp-json\/wp\/v2\/categories?post=215393"},{"taxonomy":"post_tag","embeddable":true,"href":"https:\/\/ami.mr\/fr\/wp-json\/wp\/v2\/tags?post=215393"}],"curies":[{"name":"wp","href":"https:\/\/api.w.org\/{rel}","templated":true}]}}