{"id":214517,"date":"2023-01-14T13:39:27","date_gmt":"2023-01-14T13:39:27","guid":{"rendered":"https:\/\/ami.mr\/fr\/?p=214517"},"modified":"2023-01-16T13:08:02","modified_gmt":"2023-01-16T13:08:02","slug":"larrivee-de-87-nouveaux-touristes-a-atar","status":"publish","type":"post","link":"https:\/\/ami.mr\/fr\/archives\/214517","title":{"rendered":"L&#8217;arriv\u00e9e de 87 nouveaux touristes \u00e0 Atar"},"content":{"rendered":"<p>Le cinqui\u00e8me vol, en provenance de France, est arriv\u00e9 ce matin, samedi, \u00e0 Atar avec 87 touristes \u00e0 bord, dans le cadre de la saison touristique (2022-2023).<\/p>\n<p>Dans une d\u00e9claration \u00e0 l&#8217;agence mauritanienne d\u2019information, le repr\u00e9sentant de la Soci\u00e9t\u00e9 Mauritanienne des A\u00e9roports (SAM), M. Mohamed Mahmoud Ould Cheibata, a indiqu\u00e9, , que le nombre de touristes arrivant \u00e0 bord de ce vol est de 87 touristes de diverses nationalit\u00e9s europ\u00e9ennes.<\/p>\n<p>Il a ajout\u00e9 que l&#8217;arriv\u00e9e de ces vols, malgr\u00e9 les conditions mondiales difficiles, t\u00e9moigne de la s\u00e9curit\u00e9 et de la stabilit\u00e9 dont jouit notre pays.<\/p>\n<p>Il a soulign\u00e9 que toutes les mesures ont \u00e9t\u00e9 prises pour assurer le succ\u00e8s de cette saison, indiquant que la poursuite de ces voyages renforce le d\u00e9veloppement local et contribue \u00e0 la relance de l&#8217;\u00e9conomie.<\/p>\n<p>Ce vol a \u00e9t\u00e9 accueilli par les repr\u00e9sentants de l&#8217;Office National du Tourisme, de l\u2019Agence de l&#8217;Aviation Civile, de la gendarmerie nationale, de la police, des douanes, de l&#8217;\u00e9tat civil et du personnel m\u00e9dical.<\/p>\n","protected":false},"excerpt":{"rendered":"<p>Le cinqui\u00e8me vol, en provenance de France, est arriv\u00e9 ce matin, samedi, \u00e0 Atar avec 87 touristes \u00e0 bord, dans le cadre de la saison touristique (2022-2023). Dans une d\u00e9claration \u00e0 l&#8217;agence mauritanienne d\u2019information, le repr\u00e9sentant de la Soci\u00e9t\u00e9 Mauritanienne des A\u00e9roports (SAM), M. Mohamed Mahmoud Ould Cheibata, a indiqu\u00e9, , que le nombre de [&hellip;]<\/p>\n","protected":false},"author":5,"featured_media":214518,"comment_status":"open","ping_status":"open","sticky":false,"template":"","format":"standard","meta":{"footnotes":""},"categories":[63918,63957,8672],"tags":[],"class_list":["post-214517","post","type-post","status-publish","format-standard","has-post-thumbnail","hentry","category-autres","category-fil-dactualite","category-8672"],"_links":{"self":[{"href":"https:\/\/ami.mr\/fr\/wp-json\/wp\/v2\/posts\/214517","targetHints":{"allow":["GET"]}}],"collection":[{"href":"https:\/\/ami.mr\/fr\/wp-json\/wp\/v2\/posts"}],"about":[{"href":"https:\/\/ami.mr\/fr\/wp-json\/wp\/v2\/types\/post"}],"author":[{"embeddable":true,"href":"https:\/\/ami.mr\/fr\/wp-json\/wp\/v2\/users\/5"}],"replies":[{"embeddable":true,"href":"https:\/\/ami.mr\/fr\/wp-json\/wp\/v2\/comments?post=214517"}],"version-history":[{"count":1,"href":"https:\/\/ami.mr\/fr\/wp-json\/wp\/v2\/posts\/214517\/revisions"}],"predecessor-version":[{"id":214519,"href":"https:\/\/ami.mr\/fr\/wp-json\/wp\/v2\/posts\/214517\/revisions\/214519"}],"wp:featuredmedia":[{"embeddable":true,"href":"https:\/\/ami.mr\/fr\/wp-json\/wp\/v2\/media\/214518"}],"wp:attachment":[{"href":"https:\/\/ami.mr\/fr\/wp-json\/wp\/v2\/media?parent=214517"}],"wp:term":[{"taxonomy":"category","embeddable":true,"href":"https:\/\/ami.mr\/fr\/wp-json\/wp\/v2\/categories?post=214517"},{"taxonomy":"post_tag","embeddable":true,"href":"https:\/\/ami.mr\/fr\/wp-json\/wp\/v2\/tags?post=214517"}],"curies":[{"name":"wp","href":"https:\/\/api.w.org\/{rel}","templated":true}]}}