{"id":214514,"date":"2023-01-14T12:08:18","date_gmt":"2023-01-14T12:08:18","guid":{"rendered":"https:\/\/ami.mr\/fr\/?p=214514"},"modified":"2023-01-16T13:09:23","modified_gmt":"2023-01-16T13:09:23","slug":"adrar-le-parti-insaf-organise-un-meeting-populaire-a-atar","status":"publish","type":"post","link":"https:\/\/ami.mr\/fr\/archives\/214514","title":{"rendered":"Adrar : Le Parti INSAF organise un meeting populaire \u00e0 Atar"},"content":{"rendered":"<p>Le Parti INSAF a organis\u00e9, vendredi \u00e0 Atar, sous la pr\u00e9sidence de son pr\u00e9sident, M. Mohamed Maalainine Ould Eyih, un meeting populaire sous le slogan : &#8220;L\u2019INSAF est notre choix.&#8221;<\/p>\n<p>A cette occasion, le pr\u00e9sident du parti s&#8217;est f\u00e9licit\u00e9 du niveau d\u2019affluence, qui t\u00e9moigne de l&#8217;attachement des populations de l&#8217;Adrar au programme de Son Excellence le Pr\u00e9sident de la R\u00e9publique, M. Mohamed Ould Cheikh El Ghazouani, et aux choix du parti.<\/p>\n<p>Il a ajout\u00e9 que le Parti INSAF s&#8217;emploie \u00e0 r\u00e9pondre aux aspirations des citoyens pour r\u00e9aliser le d\u00e9veloppement, le progr\u00e8s et la prosp\u00e9rit\u00e9, soulignant que le pays est sur le point d&#8217;organiser des \u00e9ch\u00e9ances \u00e9lectorales<\/p>\n<p>Dans ce cadre, il a invit\u00e9 les missions du parti d\u2019appliquer sur le terrain l\u2019esprit de r\u00e9formes et de transparence que connait le parti et de recueillir fid\u00e8lement les pr\u00e9occupations des citoyens afin de les pr\u00e9senter au gouvernement pour qu&#8217;il y r\u00e9ponde dans les meilleurs d\u00e9lais.<\/p>\n<p>Il a not\u00e9 que l&#8217;adh\u00e9sion des populations de l&#8217;Adrar aux options de d\u00e9veloppement, notamment l&#8217;option de l&#8217;unit\u00e9 nationale, l&#8217;approche de la transparence, du dialogue et de la coh\u00e9sion sociale, et la participation active au progr\u00e8s du pays.<\/p>\n<p>Il a rassur\u00e9 les militants que le parti dispose de tous les m\u00e9canismes pour garantir la meilleure repr\u00e9sentation de la base lors des prochaines \u00e9lections, appelant tout le monde \u00e0 s&#8217;inscrire sur les listes \u00e9lectorales pour une participation active aux \u00e9lections.<\/p>\n<p>A son tour, M. Mohamed Mahmoud Ould Lematt, coordonnateur du Parti INSAF au niveau des wilayas de l&#8217;Adrar et du Tagant, a indiqu\u00e9 que son parti repr\u00e9sente le bras politique de Son Excellence le Pr\u00e9sident de la R\u00e9publique et que son discours et son programme ont permis \u00e9tablir la confiance avec les citoyens et les partenaires du d\u00e9veloppement.<\/p>\n<p>Il a soulign\u00e9 que de nombreuses r\u00e9alisations ont \u00e9t\u00e9 mises en \u0153uvre en un temps record, couvrant divers domaines \u00e9conomiques, sociaux et politiques.<\/p>\n<p>Il a appel\u00e9 \u00e0 la n\u00e9cessit\u00e9 d&#8217;unifier les rangs afin d&#8217;atteindre les objectifs souhait\u00e9s, \u00e0 travers l&#8217;obtention d&#8217;une majorit\u00e9 confortable au parlement et au niveau des communes, soulignant l&#8217;importance de s&#8217;inscrire sur les listes \u00e9lectorales et de voter massivement pour les choix du parti.<\/p>\n<p>A son tour, Mme Khadi Mint Cheikh Maalainine, secr\u00e9taire f\u00e9d\u00e9rale du Parti INSAV au niveau de la wilaya de l\u2019Adrar, a souhait\u00e9 la bienvenue au pr\u00e9sident du parti et \u00e0 la d\u00e9l\u00e9gation qui l&#8217;accompagne, notant les r\u00e9alisations que conna\u00eet actuellement le pays dans divers domaines de d\u00e9veloppement sous la direction de Son Excellence le Pr\u00e9sident de la R\u00e9publique, Mohamed Ould Cheikh El Ghazouani.<\/p>\n<p>Le meeting s&#8217;est d\u00e9roul\u00e9 en pr\u00e9sence du coordinateur r\u00e9gional du parti INSAF en Adrar, M. Fall Iguissaly, du coordinateur r\u00e9gional adjoint, Ebba Vall Mahfoudh Hemod Vall, de la repr\u00e9sentante de la commission nationale des femmes, Mme Minetou Taleb Abdallahi ,du repr\u00e9sentant de la commission nationale de la jeunesse, M. Sidiya Ahmedouwa, ainsi que des acteurs politiques et \u00e9conomiques, et des notables au niveau de la wilaya.<\/p>\n","protected":false},"excerpt":{"rendered":"<p>Le Parti INSAF a organis\u00e9, vendredi \u00e0 Atar, sous la pr\u00e9sidence de son pr\u00e9sident, M. Mohamed Maalainine Ould Eyih, un meeting populaire sous le slogan : &#8220;L\u2019INSAF est notre choix.&#8221; A cette occasion, le pr\u00e9sident du parti s&#8217;est f\u00e9licit\u00e9 du niveau d\u2019affluence, qui t\u00e9moigne de l&#8217;attachement des populations de l&#8217;Adrar au programme de Son Excellence [&hellip;]<\/p>\n","protected":false},"author":5,"featured_media":214515,"comment_status":"open","ping_status":"open","sticky":false,"template":"","format":"standard","meta":{"footnotes":""},"categories":[63920,63957,63923,8672],"tags":[],"class_list":["post-214514","post","type-post","status-publish","format-standard","has-post-thumbnail","hentry","category-a-la-une","category-fil-dactualite","category-slider-wilayas","category-8672"],"_links":{"self":[{"href":"https:\/\/ami.mr\/fr\/wp-json\/wp\/v2\/posts\/214514","targetHints":{"allow":["GET"]}}],"collection":[{"href":"https:\/\/ami.mr\/fr\/wp-json\/wp\/v2\/posts"}],"about":[{"href":"https:\/\/ami.mr\/fr\/wp-json\/wp\/v2\/types\/post"}],"author":[{"embeddable":true,"href":"https:\/\/ami.mr\/fr\/wp-json\/wp\/v2\/users\/5"}],"replies":[{"embeddable":true,"href":"https:\/\/ami.mr\/fr\/wp-json\/wp\/v2\/comments?post=214514"}],"version-history":[{"count":1,"href":"https:\/\/ami.mr\/fr\/wp-json\/wp\/v2\/posts\/214514\/revisions"}],"predecessor-version":[{"id":214516,"href":"https:\/\/ami.mr\/fr\/wp-json\/wp\/v2\/posts\/214514\/revisions\/214516"}],"wp:featuredmedia":[{"embeddable":true,"href":"https:\/\/ami.mr\/fr\/wp-json\/wp\/v2\/media\/214515"}],"wp:attachment":[{"href":"https:\/\/ami.mr\/fr\/wp-json\/wp\/v2\/media?parent=214514"}],"wp:term":[{"taxonomy":"category","embeddable":true,"href":"https:\/\/ami.mr\/fr\/wp-json\/wp\/v2\/categories?post=214514"},{"taxonomy":"post_tag","embeddable":true,"href":"https:\/\/ami.mr\/fr\/wp-json\/wp\/v2\/tags?post=214514"}],"curies":[{"name":"wp","href":"https:\/\/api.w.org\/{rel}","templated":true}]}}