{"id":214511,"date":"2023-01-14T11:22:59","date_gmt":"2023-01-14T11:22:59","guid":{"rendered":"https:\/\/ami.mr\/fr\/?p=214511"},"modified":"2023-01-16T13:10:25","modified_gmt":"2023-01-16T13:10:25","slug":"le-ministre-des-affaires-economiques-se-rend-a-tokyo","status":"publish","type":"post","link":"https:\/\/ami.mr\/fr\/archives\/214511","title":{"rendered":"Le ministre des Affaires \u00e9conomiques se rend \u00e0 Tokyo"},"content":{"rendered":"<p>Le ministre des Affaires \u00e9conomiques et de la Promotion des secteurs productifs, M. Ousmane Mamoudou Kane, a quitt\u00e9, samedi, Nouakchott, \u00e0 destination de Tokyo (Japon).<\/p>\n<p>Au cours de cette visite, le ministre aura des entretiens avec un certain nombre de responsables japonais pour discuter des dossiers de coop\u00e9ration \u00e9conomique entre les deux pays.<\/p>\n<p>Ces rencontres r\u00e9uniront le pr\u00e9sident de l&#8217;Agence japonaise de coop\u00e9ration internationale (JICA) et de l&#8217;Organisation japonaise du commerce ext\u00e9rieur (JETRO), ainsi que des responsables des minist\u00e8res japonais des Affaires \u00e9conomiques et des Affaires \u00e9trang\u00e8res.<\/p>\n","protected":false},"excerpt":{"rendered":"<p>Le ministre des Affaires \u00e9conomiques et de la Promotion des secteurs productifs, M. Ousmane Mamoudou Kane, a quitt\u00e9, samedi, Nouakchott, \u00e0 destination de Tokyo (Japon). Au cours de cette visite, le ministre aura des entretiens avec un certain nombre de responsables japonais pour discuter des dossiers de coop\u00e9ration \u00e9conomique entre les deux pays. Ces rencontres [&hellip;]<\/p>\n","protected":false},"author":5,"featured_media":214509,"comment_status":"open","ping_status":"open","sticky":false,"template":"","format":"standard","meta":{"footnotes":""},"categories":[63918,63957,25],"tags":[],"class_list":["post-214511","post","type-post","status-publish","format-standard","has-post-thumbnail","hentry","category-autres","category-fil-dactualite","category-25"],"_links":{"self":[{"href":"https:\/\/ami.mr\/fr\/wp-json\/wp\/v2\/posts\/214511","targetHints":{"allow":["GET"]}}],"collection":[{"href":"https:\/\/ami.mr\/fr\/wp-json\/wp\/v2\/posts"}],"about":[{"href":"https:\/\/ami.mr\/fr\/wp-json\/wp\/v2\/types\/post"}],"author":[{"embeddable":true,"href":"https:\/\/ami.mr\/fr\/wp-json\/wp\/v2\/users\/5"}],"replies":[{"embeddable":true,"href":"https:\/\/ami.mr\/fr\/wp-json\/wp\/v2\/comments?post=214511"}],"version-history":[{"count":1,"href":"https:\/\/ami.mr\/fr\/wp-json\/wp\/v2\/posts\/214511\/revisions"}],"predecessor-version":[{"id":214512,"href":"https:\/\/ami.mr\/fr\/wp-json\/wp\/v2\/posts\/214511\/revisions\/214512"}],"wp:attachment":[{"href":"https:\/\/ami.mr\/fr\/wp-json\/wp\/v2\/media?parent=214511"}],"wp:term":[{"taxonomy":"category","embeddable":true,"href":"https:\/\/ami.mr\/fr\/wp-json\/wp\/v2\/categories?post=214511"},{"taxonomy":"post_tag","embeddable":true,"href":"https:\/\/ami.mr\/fr\/wp-json\/wp\/v2\/tags?post=214511"}],"curies":[{"name":"wp","href":"https:\/\/api.w.org\/{rel}","templated":true}]}}