{"id":214505,"date":"2023-01-14T11:15:36","date_gmt":"2023-01-14T11:15:36","guid":{"rendered":"https:\/\/ami.mr\/fr\/?p=214505"},"modified":"2023-01-16T13:12:05","modified_gmt":"2023-01-16T13:12:05","slug":"le-ministre-du-petrole-de-retour-de-nouakchott-de-riyad","status":"publish","type":"post","link":"https:\/\/ami.mr\/fr\/archives\/214505","title":{"rendered":"Le ministre du P\u00e9trole de retour de Nouakchott de Riyad"},"content":{"rendered":"<p>Le ministre du P\u00e9trole, des Mines et de l\u2019\u00c9nergie, M. Abdessalam Ould Mohamed Saleh, a regagn\u00e9, vendredi soir Nouakchott, en provenance du Royaume d&#8217;Arabie Saoudite, apr\u00e8s avoir particip\u00e9 aux travaux de la deuxi\u00e8me \u00e9dition de la Conf\u00e9rence internationale sur les mines, qui s&#8217;est tenue \u00e0 Riyad du 10 au 12 janvier 2023.<\/p>\n<p>Au cours de la table ronde des ministres concern\u00e9s par les minerais qui s&#8217;est d\u00e9roul\u00e9e pendant la conf\u00e9rence, le ministre a fait une pr\u00e9sentation sur la vision strat\u00e9gique qui fera de la Mauritanie un futur p\u00f4le d&#8217;\u00e9nergie bas carbone et de mines vertes.<\/p>\n<p>Il a \u00e9t\u00e9 \u00e9galement question de l\u2019association des minerais strat\u00e9giques (importants pour la transition \u00e9nerg\u00e9tique) avec des \u00e9nergies renouvelables pour produire des minerais verts (avec une production d\u00e9carbon\u00e9e). La pr\u00e9sentation a \u00e9galement abord\u00e9 la question de la coop\u00e9ration r\u00e9gionale.<\/p>\n<p>La conf\u00e9rence, qui a vu une large participation de d\u00e9l\u00e9gations officielles, de sp\u00e9cialistes et de personnes int\u00e9ress\u00e9es par les affaires mini\u00e8res, a abord\u00e9 un certain nombre de sujets importants, notamment l&#8217;avenir du secteur minier, ses contributions au d\u00e9veloppement des soci\u00e9t\u00e9s, la promotion d&#8217;une \u00e9nergie durable et propre et l\u2019attrait des investissements directs dans le secteur minier.<\/p>\n<p>Les participant ont aussi discut\u00e9 de l\u2019am\u00e9lioration de la contribution aux cha\u00eenes de valeur et d&#8217;approvisionnement des minerais strat\u00e9giques et de leur d\u00e9veloppement en un centre int\u00e9gr\u00e9 pour la production de minerais verts, comme il a \u00e9t\u00e9 \u00e9galement question du r\u00f4le de la technologie moderne et de l&#8217;intelligence artificielle dans la conduite des op\u00e9rations d&#8217;exploration et d&#8217;exploitation mini\u00e8re. .<\/p>\n<p>Lors de ce d\u00e9placement, le ministre \u00e9tait accompagn\u00e9 d\u2019une importante d\u00e9l\u00e9gation de son d\u00e9partement.<\/p>\n","protected":false},"excerpt":{"rendered":"<p>Le ministre du P\u00e9trole, des Mines et de l\u2019\u00c9nergie, M. Abdessalam Ould Mohamed Saleh, a regagn\u00e9, vendredi soir Nouakchott, en provenance du Royaume d&#8217;Arabie Saoudite, apr\u00e8s avoir particip\u00e9 aux travaux de la deuxi\u00e8me \u00e9dition de la Conf\u00e9rence internationale sur les mines, qui s&#8217;est tenue \u00e0 Riyad du 10 au 12 janvier 2023. Au cours de [&hellip;]<\/p>\n","protected":false},"author":5,"featured_media":214506,"comment_status":"open","ping_status":"open","sticky":false,"template":"","format":"standard","meta":{"footnotes":""},"categories":[63918,63957,25],"tags":[],"class_list":["post-214505","post","type-post","status-publish","format-standard","has-post-thumbnail","hentry","category-autres","category-fil-dactualite","category-25"],"_links":{"self":[{"href":"https:\/\/ami.mr\/fr\/wp-json\/wp\/v2\/posts\/214505","targetHints":{"allow":["GET"]}}],"collection":[{"href":"https:\/\/ami.mr\/fr\/wp-json\/wp\/v2\/posts"}],"about":[{"href":"https:\/\/ami.mr\/fr\/wp-json\/wp\/v2\/types\/post"}],"author":[{"embeddable":true,"href":"https:\/\/ami.mr\/fr\/wp-json\/wp\/v2\/users\/5"}],"replies":[{"embeddable":true,"href":"https:\/\/ami.mr\/fr\/wp-json\/wp\/v2\/comments?post=214505"}],"version-history":[{"count":1,"href":"https:\/\/ami.mr\/fr\/wp-json\/wp\/v2\/posts\/214505\/revisions"}],"predecessor-version":[{"id":214507,"href":"https:\/\/ami.mr\/fr\/wp-json\/wp\/v2\/posts\/214505\/revisions\/214507"}],"wp:featuredmedia":[{"embeddable":true,"href":"https:\/\/ami.mr\/fr\/wp-json\/wp\/v2\/media\/214506"}],"wp:attachment":[{"href":"https:\/\/ami.mr\/fr\/wp-json\/wp\/v2\/media?parent=214505"}],"wp:term":[{"taxonomy":"category","embeddable":true,"href":"https:\/\/ami.mr\/fr\/wp-json\/wp\/v2\/categories?post=214505"},{"taxonomy":"post_tag","embeddable":true,"href":"https:\/\/ami.mr\/fr\/wp-json\/wp\/v2\/tags?post=214505"}],"curies":[{"name":"wp","href":"https:\/\/api.w.org\/{rel}","templated":true}]}}