{"id":214498,"date":"2023-01-13T21:20:08","date_gmt":"2023-01-13T21:20:08","guid":{"rendered":"https:\/\/ami.mr\/fr\/?p=214498"},"modified":"2023-01-16T13:15:19","modified_gmt":"2023-01-16T13:15:19","slug":"la-ministre-de-lenvironnement-participe-a-une-reunion-ministerielle-pour-presenter-les-enjeux-prioritaires-pour-developpement-des-pays-du-sud","status":"publish","type":"post","link":"https:\/\/ami.mr\/fr\/archives\/214498","title":{"rendered":"La ministre de l\u2019Environnement participe \u00e0 une r\u00e9union minist\u00e9rielle pour pr\u00e9senter les enjeux prioritaires pour d\u00e9veloppement des pays du Sud"},"content":{"rendered":"<p>La ministre de l\u2019Environnement et du D\u00e9veloppement durable, Mme Lalya Kamara, a particip\u00e9, vendredi \u00e0 Nouakchott, par visioconf\u00e9rence \u00e0 une r\u00e9union minist\u00e9rielle pr\u00e9paratoire au sommet du G20 qui se tiendra \u00e0 New Delhi du 09 au 10 septembre 2023.<\/p>\n<p>Cette session, organis\u00e9e par la pr\u00e9sidence indienne, vise \u00e0 recueillir les points de vue des pays du Sud sur les questions prioritaires dans le domaine du d\u00e9veloppement afin de les int\u00e9grer dans l\u2019ordre du jour de ce sommet.<\/p>\n<p>A cette occasion, la ministre de l\u2019Environnement et du D\u00e9veloppement durable a pr\u00e9sent\u00e9 les priorit\u00e9s de la Mauritanie face aux d\u00e9fis auxquels il fait face, en mettant l\u2019accent sur les mesures qui ont \u00e9t\u00e9 prises et les perspectives de d\u00e9veloppement et de r\u00e9silience \u00e9conomique et sociale.<\/p>\n","protected":false},"excerpt":{"rendered":"<p>La ministre de l\u2019Environnement et du D\u00e9veloppement durable, Mme Lalya Kamara, a particip\u00e9, vendredi \u00e0 Nouakchott, par visioconf\u00e9rence \u00e0 une r\u00e9union minist\u00e9rielle pr\u00e9paratoire au sommet du G20 qui se tiendra \u00e0 New Delhi du 09 au 10 septembre 2023. Cette session, organis\u00e9e par la pr\u00e9sidence indienne, vise \u00e0 recueillir les points de vue des pays [&hellip;]<\/p>\n","protected":false},"author":10,"featured_media":214499,"comment_status":"open","ping_status":"open","sticky":false,"template":"","format":"standard","meta":{"footnotes":""},"categories":[63920,63957],"tags":[63990],"class_list":["post-214498","post","type-post","status-publish","format-standard","has-post-thumbnail","hentry","category-a-la-une","category-fil-dactualite","tag-activites-gouvernementales"],"_links":{"self":[{"href":"https:\/\/ami.mr\/fr\/wp-json\/wp\/v2\/posts\/214498","targetHints":{"allow":["GET"]}}],"collection":[{"href":"https:\/\/ami.mr\/fr\/wp-json\/wp\/v2\/posts"}],"about":[{"href":"https:\/\/ami.mr\/fr\/wp-json\/wp\/v2\/types\/post"}],"author":[{"embeddable":true,"href":"https:\/\/ami.mr\/fr\/wp-json\/wp\/v2\/users\/10"}],"replies":[{"embeddable":true,"href":"https:\/\/ami.mr\/fr\/wp-json\/wp\/v2\/comments?post=214498"}],"version-history":[{"count":1,"href":"https:\/\/ami.mr\/fr\/wp-json\/wp\/v2\/posts\/214498\/revisions"}],"predecessor-version":[{"id":214500,"href":"https:\/\/ami.mr\/fr\/wp-json\/wp\/v2\/posts\/214498\/revisions\/214500"}],"wp:featuredmedia":[{"embeddable":true,"href":"https:\/\/ami.mr\/fr\/wp-json\/wp\/v2\/media\/214499"}],"wp:attachment":[{"href":"https:\/\/ami.mr\/fr\/wp-json\/wp\/v2\/media?parent=214498"}],"wp:term":[{"taxonomy":"category","embeddable":true,"href":"https:\/\/ami.mr\/fr\/wp-json\/wp\/v2\/categories?post=214498"},{"taxonomy":"post_tag","embeddable":true,"href":"https:\/\/ami.mr\/fr\/wp-json\/wp\/v2\/tags?post=214498"}],"curies":[{"name":"wp","href":"https:\/\/api.w.org\/{rel}","templated":true}]}}