{"id":214491,"date":"2023-01-13T20:30:13","date_gmt":"2023-01-13T20:30:13","guid":{"rendered":"https:\/\/ami.mr\/fr\/?p=214491"},"modified":"2023-01-16T13:17:32","modified_gmt":"2023-01-16T13:17:32","slug":"decoration-dun-certain-nombre-dofficiers-et-sous-officiers-des-forces-armees","status":"publish","type":"post","link":"https:\/\/ami.mr\/fr\/archives\/214491","title":{"rendered":"D\u00e9coration d\u2019un certain nombre d\u2019officiers et sous-officiers des forces arm\u00e9es"},"content":{"rendered":"<p>Au nom du Pr\u00e9sident de la R\u00e9publique, Son Excellence Monsieur Mohamed Ould Cheikh El Ghazouani, le ministre de la D\u00e9fense nationale, M. Hanena Ould Sidi, a d\u00e9cor\u00e9, vendredi \u00e0 l\u2019\u00c9tat-major g\u00e9n\u00e9ral des arm\u00e9es \u00e0 Nouakchott, un certain nombre d\u2019\u00e9l\u00e9ments de l\u2019Arm\u00e9e, et de la gendarmerie nationales, dans le cadre de la c\u00e9l\u00e9bration du 62e anniversaire de l\u2019ind\u00e9pendance nationale.<\/p>\n<p>Sur place, le ministre de la D\u00e9fense nationale a pass\u00e9 en revue, en compagnie du Chef d\u2019\u00c9tat-major g\u00e9n\u00e9ral des arm\u00e9es, des unit\u00e9s de l\u2019Arm\u00e9e et de la Gendarmerie nationales qui ont rendu les honneurs, et ce avant la lev\u00e9e des couleurs organis\u00e9e pour la circonstance.<\/p>\n<p>Le ministre de la D\u00e9fense nationale a, ensuite, salu\u00e9 les responsables militaires de l\u2019\u00c9tat-major g\u00e9n\u00e9ral des arm\u00e9es et de l\u2019\u00c9tat-major de la gendarmerie nationale pr\u00e9sents.<\/p>\n<p>Ces d\u00e9corations ont \u00e9t\u00e9 d\u00e9cern\u00e9es en guise de remerciement aux officiers, sous-officiers, soldats et gendarmes pour leur abn\u00e9gation au service de la patrie.<\/p>\n","protected":false},"excerpt":{"rendered":"<p>Au nom du Pr\u00e9sident de la R\u00e9publique, Son Excellence Monsieur Mohamed Ould Cheikh El Ghazouani, le ministre de la D\u00e9fense nationale, M. Hanena Ould Sidi, a d\u00e9cor\u00e9, vendredi \u00e0 l\u2019\u00c9tat-major g\u00e9n\u00e9ral des arm\u00e9es \u00e0 Nouakchott, un certain nombre d\u2019\u00e9l\u00e9ments de l\u2019Arm\u00e9e, et de la gendarmerie nationales, dans le cadre de la c\u00e9l\u00e9bration du 62e anniversaire [&hellip;]<\/p>\n","protected":false},"author":10,"featured_media":214492,"comment_status":"open","ping_status":"open","sticky":false,"template":"","format":"standard","meta":{"footnotes":""},"categories":[63920,63957,63927],"tags":[63990],"class_list":["post-214491","post","type-post","status-publish","format-standard","has-post-thumbnail","hentry","category-a-la-une","category-fil-dactualite","category-slider-mauritanie","tag-activites-gouvernementales"],"_links":{"self":[{"href":"https:\/\/ami.mr\/fr\/wp-json\/wp\/v2\/posts\/214491","targetHints":{"allow":["GET"]}}],"collection":[{"href":"https:\/\/ami.mr\/fr\/wp-json\/wp\/v2\/posts"}],"about":[{"href":"https:\/\/ami.mr\/fr\/wp-json\/wp\/v2\/types\/post"}],"author":[{"embeddable":true,"href":"https:\/\/ami.mr\/fr\/wp-json\/wp\/v2\/users\/10"}],"replies":[{"embeddable":true,"href":"https:\/\/ami.mr\/fr\/wp-json\/wp\/v2\/comments?post=214491"}],"version-history":[{"count":1,"href":"https:\/\/ami.mr\/fr\/wp-json\/wp\/v2\/posts\/214491\/revisions"}],"predecessor-version":[{"id":214493,"href":"https:\/\/ami.mr\/fr\/wp-json\/wp\/v2\/posts\/214491\/revisions\/214493"}],"wp:featuredmedia":[{"embeddable":true,"href":"https:\/\/ami.mr\/fr\/wp-json\/wp\/v2\/media\/214492"}],"wp:attachment":[{"href":"https:\/\/ami.mr\/fr\/wp-json\/wp\/v2\/media?parent=214491"}],"wp:term":[{"taxonomy":"category","embeddable":true,"href":"https:\/\/ami.mr\/fr\/wp-json\/wp\/v2\/categories?post=214491"},{"taxonomy":"post_tag","embeddable":true,"href":"https:\/\/ami.mr\/fr\/wp-json\/wp\/v2\/tags?post=214491"}],"curies":[{"name":"wp","href":"https:\/\/api.w.org\/{rel}","templated":true}]}}