{"id":214356,"date":"2023-01-11T22:04:31","date_gmt":"2023-01-11T22:04:31","guid":{"rendered":"https:\/\/ami.mr\/fr\/?p=214356"},"modified":"2023-01-12T14:49:21","modified_gmt":"2023-01-12T14:49:21","slug":"le-ministre-des-affaires-etrangeres-recoit-lambassadrice-de-suisse-au-senegal-envoyee-speciale-au-sahel","status":"publish","type":"post","link":"https:\/\/ami.mr\/fr\/archives\/214356","title":{"rendered":"Le ministre des Affaires \u00e9trang\u00e8res re\u00e7oit l\u2019ambassadrice de Suisse au S\u00e9n\u00e9gal, envoy\u00e9e sp\u00e9ciale au Sahel"},"content":{"rendered":"<p>Le ministre des Affaires \u00e9trang\u00e8res, de la Coop\u00e9ration et des Mauritaniens de l&#8217;\u00e9tranger, M. Mohamed Salem Ould Merzoug, a re\u00e7u, mercredi, en son bureau \u00e0 Nouakchott, l&#8217;ambassadrice de Suisse \u00e0 Dakar, SE Mme Cedrine Beney, envoy\u00e9e sp\u00e9ciale pour la r\u00e9gion du Sahel, actuellement en visite dans notre pays.<\/p>\n<p>La rencontre a port\u00e9 sur les domaines de coop\u00e9ration bilat\u00e9rale entre la Mauritanie et la Suisse, ainsi que sur les questions li\u00e9es \u00e0 la paix et \u00e0 la s\u00e9curit\u00e9 dans la r\u00e9gion du Sahel.<\/p>\n<p>La rencontre s&#8217;est d\u00e9roul\u00e9e en pr\u00e9sence de SEM Ball Mohamed El Habib, ambassadeur de Mauritanie en Suisse, M. Mohamed Lemine Moulaye Ely, ambassadeur, Directeur g\u00e9n\u00e9ral de la Direction de la Coop\u00e9ration multilat\u00e9rale du minist\u00e8re, et M. Moustapha Diakit\u00e9, ambassadeur, Directeur de l&#8217;Union africaine et des Organisations r\u00e9gionales africaines \u00e0 la Direction g\u00e9n\u00e9rale de la Coop\u00e9ration multilat\u00e9rale du minist\u00e8re.<\/p>\n","protected":false},"excerpt":{"rendered":"<p>Le ministre des Affaires \u00e9trang\u00e8res, de la Coop\u00e9ration et des Mauritaniens de l&#8217;\u00e9tranger, M. Mohamed Salem Ould Merzoug, a re\u00e7u, mercredi, en son bureau \u00e0 Nouakchott, l&#8217;ambassadrice de Suisse \u00e0 Dakar, SE Mme Cedrine Beney, envoy\u00e9e sp\u00e9ciale pour la r\u00e9gion du Sahel, actuellement en visite dans notre pays. La rencontre a port\u00e9 sur les domaines [&hellip;]<\/p>\n","protected":false},"author":13,"featured_media":214357,"comment_status":"open","ping_status":"open","sticky":false,"template":"","format":"standard","meta":{"footnotes":""},"categories":[63918,63957],"tags":[63990],"class_list":["post-214356","post","type-post","status-publish","format-standard","has-post-thumbnail","hentry","category-autres","category-fil-dactualite","tag-activites-gouvernementales"],"_links":{"self":[{"href":"https:\/\/ami.mr\/fr\/wp-json\/wp\/v2\/posts\/214356","targetHints":{"allow":["GET"]}}],"collection":[{"href":"https:\/\/ami.mr\/fr\/wp-json\/wp\/v2\/posts"}],"about":[{"href":"https:\/\/ami.mr\/fr\/wp-json\/wp\/v2\/types\/post"}],"author":[{"embeddable":true,"href":"https:\/\/ami.mr\/fr\/wp-json\/wp\/v2\/users\/13"}],"replies":[{"embeddable":true,"href":"https:\/\/ami.mr\/fr\/wp-json\/wp\/v2\/comments?post=214356"}],"version-history":[{"count":1,"href":"https:\/\/ami.mr\/fr\/wp-json\/wp\/v2\/posts\/214356\/revisions"}],"predecessor-version":[{"id":214361,"href":"https:\/\/ami.mr\/fr\/wp-json\/wp\/v2\/posts\/214356\/revisions\/214361"}],"wp:featuredmedia":[{"embeddable":true,"href":"https:\/\/ami.mr\/fr\/wp-json\/wp\/v2\/media\/214357"}],"wp:attachment":[{"href":"https:\/\/ami.mr\/fr\/wp-json\/wp\/v2\/media?parent=214356"}],"wp:term":[{"taxonomy":"category","embeddable":true,"href":"https:\/\/ami.mr\/fr\/wp-json\/wp\/v2\/categories?post=214356"},{"taxonomy":"post_tag","embeddable":true,"href":"https:\/\/ami.mr\/fr\/wp-json\/wp\/v2\/tags?post=214356"}],"curies":[{"name":"wp","href":"https:\/\/api.w.org\/{rel}","templated":true}]}}