{"id":214338,"date":"2023-01-11T18:49:13","date_gmt":"2023-01-11T18:49:13","guid":{"rendered":"https:\/\/ami.mr\/fr\/?p=214338"},"modified":"2023-01-12T15:00:39","modified_gmt":"2023-01-12T15:00:39","slug":"le-ministre-de-leducation-visite-les-ateliers-organises-sur-les-technologies-de-linformation-et-de-la-communication","status":"publish","type":"post","link":"https:\/\/ami.mr\/fr\/archives\/214338","title":{"rendered":"Le ministre de l&#8217;Education visite les ateliers organis\u00e9s sur les technologies de l&#8217;information et de la communication"},"content":{"rendered":"<p>Le ministre de l&#8217;\u00c9ducation nationale et de la R\u00e9forme du syst\u00e8me \u00e9ducatif a visit\u00e9, mercredi, les ateliers de formation pour l&#8217;adoption des technologies de l&#8217;information et de la communication dans le travail administratif, que le minist\u00e8re organise \u00e0 l&#8217;\u00c9cole normale sup\u00e9rieure.<\/p>\n<p>Au cours de cette visite, le ministre a examin\u00e9 des mod\u00e8les de formation dans les salles d&#8217;informatique o\u00f9 il a assist\u00e9 \u00e0 des expos\u00e9s pr\u00e9sent\u00e9s par les instructeurs sur les m\u00e9thodes administratives et bureautiques appliqu\u00e9es dans les diff\u00e9rents programmes d&#8217;informatique.<\/p>\n<p>Dans une d\u00e9claration \u00e0 l&#8217;Agence mauritanienne d&#8217;Information, le directeur adjoint de l&#8217;informatique, M. Sidi Ould Mkhaitir, a indiqu\u00e9 que l&#8217;organisation de cet atelier s&#8217;inscrit dans le cadre de l\u2019orientation du secteur visant \u00e0 doter ses cadres et employ\u00e9s des comp\u00e9tences dont ils ont besoin dans les domaines des m\u00e9dias et de la communication.<\/p>\n<p>Il a indiqu\u00e9 que cette formation qui durera cinq jours b\u00e9n\u00e9ficiera \u00e0 145 agents des administrations centrales et r\u00e9gionales de Nouakchott, qui sont r\u00e9partis en trois groupes.<\/p>\n<p>Au cours de cette visite, le ministre \u00e9tait accompagn\u00e9 du secr\u00e9taire g\u00e9n\u00e9ral par int\u00e9rim et de plusieurs hauts responsables du d\u00e9partement de l\u2019Education nationale.<\/p>\n","protected":false},"excerpt":{"rendered":"<p>Le ministre de l&#8217;\u00c9ducation nationale et de la R\u00e9forme du syst\u00e8me \u00e9ducatif a visit\u00e9, mercredi, les ateliers de formation pour l&#8217;adoption des technologies de l&#8217;information et de la communication dans le travail administratif, que le minist\u00e8re organise \u00e0 l&#8217;\u00c9cole normale sup\u00e9rieure. Au cours de cette visite, le ministre a examin\u00e9 des mod\u00e8les de formation dans [&hellip;]<\/p>\n","protected":false},"author":13,"featured_media":214339,"comment_status":"open","ping_status":"open","sticky":false,"template":"","format":"standard","meta":{"footnotes":""},"categories":[63918,104,63957],"tags":[],"class_list":["post-214338","post","type-post","status-publish","format-standard","has-post-thumbnail","hentry","category-autres","category-104","category-fil-dactualite"],"_links":{"self":[{"href":"https:\/\/ami.mr\/fr\/wp-json\/wp\/v2\/posts\/214338","targetHints":{"allow":["GET"]}}],"collection":[{"href":"https:\/\/ami.mr\/fr\/wp-json\/wp\/v2\/posts"}],"about":[{"href":"https:\/\/ami.mr\/fr\/wp-json\/wp\/v2\/types\/post"}],"author":[{"embeddable":true,"href":"https:\/\/ami.mr\/fr\/wp-json\/wp\/v2\/users\/13"}],"replies":[{"embeddable":true,"href":"https:\/\/ami.mr\/fr\/wp-json\/wp\/v2\/comments?post=214338"}],"version-history":[{"count":1,"href":"https:\/\/ami.mr\/fr\/wp-json\/wp\/v2\/posts\/214338\/revisions"}],"predecessor-version":[{"id":214340,"href":"https:\/\/ami.mr\/fr\/wp-json\/wp\/v2\/posts\/214338\/revisions\/214340"}],"wp:featuredmedia":[{"embeddable":true,"href":"https:\/\/ami.mr\/fr\/wp-json\/wp\/v2\/media\/214339"}],"wp:attachment":[{"href":"https:\/\/ami.mr\/fr\/wp-json\/wp\/v2\/media?parent=214338"}],"wp:term":[{"taxonomy":"category","embeddable":true,"href":"https:\/\/ami.mr\/fr\/wp-json\/wp\/v2\/categories?post=214338"},{"taxonomy":"post_tag","embeddable":true,"href":"https:\/\/ami.mr\/fr\/wp-json\/wp\/v2\/tags?post=214338"}],"curies":[{"name":"wp","href":"https:\/\/api.w.org\/{rel}","templated":true}]}}