{"id":214201,"date":"2023-01-08T18:26:02","date_gmt":"2023-01-08T18:26:02","guid":{"rendered":"https:\/\/ami.mr\/fr\/?p=214201"},"modified":"2023-01-10T13:26:12","modified_gmt":"2023-01-10T13:26:12","slug":"la-mauritanie-participe-aux-reunions-des-ministres-de-la-defense-et-des-chefs-detat-major-des-pays-du-g5-sahel","status":"publish","type":"post","link":"https:\/\/ami.mr\/fr\/archives\/214201","title":{"rendered":"La Mauritanie participe aux r\u00e9unions des ministres de la D\u00e9fense et des Chefs d&#8217;\u00e9tat-major des pays du G5 Sahel"},"content":{"rendered":"<div class=\"row\">\n<div class=\"cell auto-size bd-gray\" dir=\"ltr\"><\/div>\n<\/div>\n<div class=\"row\">\n<div class=\"cell auto-size\">\n<div class=\"set-border bd-gray padding10 margin10 no-margin-right no-margin-left \" dir=\"ltr\">\n<p>Le ministre de la D\u00e9fense nationale, M. Hanena Ould Sidi a quitt\u00e9 Nouakchott, dimanche matin \u00e0 destination de la R\u00e9publique du Tchad pour participer \u00e0 la r\u00e9union des ministres de la d\u00e9fense et des chefs d&#8217;\u00e9tat-major des pays membres du G5 Sahel.<\/p>\n<p>Les r\u00e9unions des chefs d&#8217;\u00e9tat- major auront lieu, lundi, avec la participation du Chef d&#8217;\u00e9tat-major g\u00e9n\u00e9ral des arm\u00e9es, le g\u00e9n\u00e9ral de division Moctar Bella Chaabane, alors que la r\u00e9union des ministres se tiendra le mardi dans la capitale Tchadienne.<\/p>\n<\/div>\n<\/div>\n<\/div>\n","protected":false},"excerpt":{"rendered":"<p>Le ministre de la D\u00e9fense nationale, M. Hanena Ould Sidi a quitt\u00e9 Nouakchott, dimanche matin \u00e0 destination de la R\u00e9publique du Tchad pour participer \u00e0 la r\u00e9union des ministres de la d\u00e9fense et des chefs d&#8217;\u00e9tat-major des pays membres du G5 Sahel. Les r\u00e9unions des chefs d&#8217;\u00e9tat- major auront lieu, lundi, avec la participation du [&hellip;]<\/p>\n","protected":false},"author":8,"featured_media":214202,"comment_status":"open","ping_status":"open","sticky":false,"template":"","format":"standard","meta":{"footnotes":""},"categories":[63918,63957,25],"tags":[],"class_list":["post-214201","post","type-post","status-publish","format-standard","has-post-thumbnail","hentry","category-autres","category-fil-dactualite","category-25"],"_links":{"self":[{"href":"https:\/\/ami.mr\/fr\/wp-json\/wp\/v2\/posts\/214201","targetHints":{"allow":["GET"]}}],"collection":[{"href":"https:\/\/ami.mr\/fr\/wp-json\/wp\/v2\/posts"}],"about":[{"href":"https:\/\/ami.mr\/fr\/wp-json\/wp\/v2\/types\/post"}],"author":[{"embeddable":true,"href":"https:\/\/ami.mr\/fr\/wp-json\/wp\/v2\/users\/8"}],"replies":[{"embeddable":true,"href":"https:\/\/ami.mr\/fr\/wp-json\/wp\/v2\/comments?post=214201"}],"version-history":[{"count":1,"href":"https:\/\/ami.mr\/fr\/wp-json\/wp\/v2\/posts\/214201\/revisions"}],"predecessor-version":[{"id":214203,"href":"https:\/\/ami.mr\/fr\/wp-json\/wp\/v2\/posts\/214201\/revisions\/214203"}],"wp:featuredmedia":[{"embeddable":true,"href":"https:\/\/ami.mr\/fr\/wp-json\/wp\/v2\/media\/214202"}],"wp:attachment":[{"href":"https:\/\/ami.mr\/fr\/wp-json\/wp\/v2\/media?parent=214201"}],"wp:term":[{"taxonomy":"category","embeddable":true,"href":"https:\/\/ami.mr\/fr\/wp-json\/wp\/v2\/categories?post=214201"},{"taxonomy":"post_tag","embeddable":true,"href":"https:\/\/ami.mr\/fr\/wp-json\/wp\/v2\/tags?post=214201"}],"curies":[{"name":"wp","href":"https:\/\/api.w.org\/{rel}","templated":true}]}}