{"id":213992,"date":"2023-01-05T18:07:04","date_gmt":"2023-01-05T18:07:04","guid":{"rendered":"https:\/\/ami.mr\/fr\/?p=213992"},"modified":"2023-01-06T12:30:29","modified_gmt":"2023-01-06T12:30:29","slug":"le-president-de-la-republique-recoit-le-directeur-general-lorganisation-du-monde-islamique-pour-leducation-les-sciences-et-la-culture","status":"publish","type":"post","link":"https:\/\/ami.mr\/fr\/archives\/213992","title":{"rendered":"Le Pr\u00e9sident de la R\u00e9publique re\u00e7oit le directeur g\u00e9n\u00e9ral l\u2019Organisation du monde islamique pour l\u2019\u00e9ducation, les sciences et la culture"},"content":{"rendered":"<p>Son Excellence le Pr\u00e9sident de la R\u00e9publique, Monsieur Mohamed Ould Cheikh El-Ghazouani, a re\u00e7u ce soir, jeudi, au Palais pr\u00e9sidentiel \u00e0 Nouakchott, le Directeur g\u00e9n\u00e9ral de l\u2019Organisation du monde islamique pour l\u2019\u00e9ducation, les sciences et la culture, Dr. Salem Bin Mohamed El-Malek.<\/p>\n<p>Dans une d\u00e9claration \u00e0 l\u2019Agence Mauritanienne d\u2019Information (AMI) apr\u00e8s l\u2019audience avec le Pr\u00e9sident de la R\u00e9publique, le directeur g\u00e9n\u00e9ral de l\u2019Organisation du monde islamique pour l\u2019\u00e9ducation, les sciences et la culture, a exprim\u00e9 sa joie de rencontrer Son Excellence le Pr\u00e9sident de la R\u00e9publique et la grande consid\u00e9ration dont il a b\u00e9n\u00e9fici\u00e9 ainsi que l\u2019Organisation du monde islamique pour l\u2019\u00e9ducation, les sciences et la culture, au terme de cette rencontre. Il s\u2019est r\u00e9joui \u00e9galement que la ville de Nouakchott ait \u00e9t\u00e9 consacr\u00e9e, cette ann\u00e9e, capitale de la culture dans le monde islamique.<\/p>\n<p>Il a ajout\u00e9 que l\u2019organisation travaillera pendant toute l\u2019ann\u00e9e pour mettre en valeur l\u2019histoire et le patrimoine culturel de la Mauritanie et les mettre en exergue dans le monde islamique et dans le monde en g\u00e9n\u00e9ral.<\/p>\n<p>Le directeur g\u00e9n\u00e9ral de l\u2019Organisation du monde islamique pour l\u2019\u00e9ducation, les sciences et la culture a dit avoir inform\u00e9 Son Excellence le Pr\u00e9sident de la R\u00e9publique, au cours de la rencontre, d\u2019un programme qui se focalise essentiellement sur la valorisation de l\u2019identit\u00e9 culturelle du monde islamique, l\u2019identit\u00e9 culturelle mauritanienne et de certains de ses piliers fondamentaux, telle que la mahadra, indiquant que parler de celle-ci ne signifie pas seulement son inscription dans notre patrimoine islamique, mais \u00e9galement \u0153uvrer pour que ce mod\u00e8le puisse inspirer les autres pays du monde islamique.<\/p>\n<p>Il a soulign\u00e9 que ce programme contient plusieurs axes dont il a discut\u00e9 avec son fr\u00e8re, le Ministre de la Culture, de la Jeunesse, des Sports et des Relations avec le Parlement, indiquant qu\u2019il y a des changements notoires dans les programmes des Capitales de la Culture pr\u00e9sent\u00e9s l\u2019Organisation du monde islamique pour l\u2019\u00e9ducation, les sciences et la culture.<\/p>\n<p>Dr. Salem Bin Mohamed El-Malek a ajout\u00e9 que Nouakchott, en tant que capitale de la culture, sera l&#8217;une des capitales qui mettra en \u0153uvre ce programme avec une perspective compl\u00e8tement diff\u00e9rente, notant qu&#8217;au sein de l&#8217;organisation, ils veulent se concentrer sur les jeunes, les femmes, l\u2019identit\u00e9 culturelle de mani\u00e8re g\u00e9n\u00e9rale, et int\u00e9grer les personnes ayant des besoins sp\u00e9cifiques de diff\u00e9rentes mani\u00e8res, en tenant compte de l\u2019avenir, des variables, et de tout ce qui touche au monde num\u00e9rique virtuel.<\/p>\n<p>Il a d\u00e9clar\u00e9 que cette ann\u00e9e sera une ann\u00e9e d\u2019exception, pleine d\u2019activit\u00e9s, de programmes, de concours et de r\u00e9compenses, remerciant tout particuli\u00e8rement Son Excellence le Pr\u00e9sident de la R\u00e9publique, ainsi que le Minist\u00e8re de la Culture, de la Jeunesse, des Sports et des Relations avec le Parlement, la Commission nationale pour l\u2019\u00e9ducation, la science et la culture et l\u2019ensemble des Mauritaniens.<\/p>\n<p>L\u2019entretien s\u2019est d\u00e9roul\u00e9 en pr\u00e9sence du ministre de la Culture, de la Jeunesse, des Sports et des Relations avec le Parlement, M. Mohamed Ould Soueidatt, du Directeur de Cabinet du Pr\u00e9sident de la R\u00e9publique, M. Ismail Ould Cheikh Ahmed, et du Conseiller du Directeur G\u00e9n\u00e9ral de l\u2019Organisation du monde islamique pour l\u2019\u00e9ducation, les sciences et la culture, et du Superviseur du secr\u00e9tariat des Comit\u00e9s Nationaux et des Conf\u00e9rences, Dr Ahmed Said Bah.<\/p>\n","protected":false},"excerpt":{"rendered":"<p>Son Excellence le Pr\u00e9sident de la R\u00e9publique, Monsieur Mohamed Ould Cheikh El-Ghazouani, a re\u00e7u ce soir, jeudi, au Palais pr\u00e9sidentiel \u00e0 Nouakchott, le Directeur g\u00e9n\u00e9ral de l\u2019Organisation du monde islamique pour l\u2019\u00e9ducation, les sciences et la culture, Dr. Salem Bin Mohamed El-Malek. Dans une d\u00e9claration \u00e0 l\u2019Agence Mauritanienne d\u2019Information (AMI) apr\u00e8s l\u2019audience avec le Pr\u00e9sident [&hellip;]<\/p>\n","protected":false},"author":13,"featured_media":213993,"comment_status":"open","ping_status":"open","sticky":false,"template":"","format":"standard","meta":{"footnotes":""},"categories":[63919,104,63957,63921,63924],"tags":[],"class_list":["post-213992","post","type-post","status-publish","format-standard","has-post-thumbnail","hentry","category-choix-du-redacteur","category-104","category-fil-dactualite","category-slider-afficher","category-slider-culture"],"_links":{"self":[{"href":"https:\/\/ami.mr\/fr\/wp-json\/wp\/v2\/posts\/213992","targetHints":{"allow":["GET"]}}],"collection":[{"href":"https:\/\/ami.mr\/fr\/wp-json\/wp\/v2\/posts"}],"about":[{"href":"https:\/\/ami.mr\/fr\/wp-json\/wp\/v2\/types\/post"}],"author":[{"embeddable":true,"href":"https:\/\/ami.mr\/fr\/wp-json\/wp\/v2\/users\/13"}],"replies":[{"embeddable":true,"href":"https:\/\/ami.mr\/fr\/wp-json\/wp\/v2\/comments?post=213992"}],"version-history":[{"count":2,"href":"https:\/\/ami.mr\/fr\/wp-json\/wp\/v2\/posts\/213992\/revisions"}],"predecessor-version":[{"id":214023,"href":"https:\/\/ami.mr\/fr\/wp-json\/wp\/v2\/posts\/213992\/revisions\/214023"}],"wp:featuredmedia":[{"embeddable":true,"href":"https:\/\/ami.mr\/fr\/wp-json\/wp\/v2\/media\/213993"}],"wp:attachment":[{"href":"https:\/\/ami.mr\/fr\/wp-json\/wp\/v2\/media?parent=213992"}],"wp:term":[{"taxonomy":"category","embeddable":true,"href":"https:\/\/ami.mr\/fr\/wp-json\/wp\/v2\/categories?post=213992"},{"taxonomy":"post_tag","embeddable":true,"href":"https:\/\/ami.mr\/fr\/wp-json\/wp\/v2\/tags?post=213992"}],"curies":[{"name":"wp","href":"https:\/\/api.w.org\/{rel}","templated":true}]}}