{"id":213955,"date":"2023-01-05T11:45:18","date_gmt":"2023-01-05T11:45:18","guid":{"rendered":"https:\/\/ami.mr\/fr\/?p=213955"},"modified":"2023-01-05T16:09:15","modified_gmt":"2023-01-05T16:09:15","slug":"decoration-des-fonctionnaires-et-agents-du-ministere-des-affaires-economiques","status":"publish","type":"post","link":"https:\/\/ami.mr\/fr\/archives\/213955","title":{"rendered":"D\u00e9coration des fonctionnaires et agents du minist\u00e8re des Affaires \u00e9conomiques"},"content":{"rendered":"<p>Au nom du Pr\u00e9sident de la R\u00e9publique, Monsieur Mohamed Ould Cheikh El Ghazouani, le ministre des Affaires \u00e9conomiques et de la Promotion des Secteurs productifs, M. Ousmane Kane Mamoudou, a d\u00e9cor\u00e9, jeudi, certains fonctionnaires et agents de son d\u00e9partement dans le cadre des festivit\u00e9s comm\u00e9moratives du 62e anniversaire de l\u2019ind\u00e9pendance nationale.<\/p>\n<p>Il s\u2019agit de MM:<\/p>\n<p>&#8211; Med El Moctar Sidi Bacar Ahmed Sidi, directeur g\u00e9n\u00e9ral de l\u2019Agence nationale de la statistique et de l\u2019analyse d\u00e9mographique et \u00e9conomique, d\u00e9cor\u00e9 de la m\u00e9daille de chevalier de l\u2019ordre du m\u00e9rite national ;<\/p>\n<p>-Med Habiboullah Med Ahmed, charg\u00e9 de mission, d\u00e9cor\u00e9 de la m\u00e9daille de chevalier de l\u2019ordre du m\u00e9rite national ;<\/p>\n<p>-Bouna Ely Bouha, conseiller du ministre, d\u00e9cor\u00e9 de la m\u00e9daille de chevalier de l\u2019ordre du m\u00e9rite national ;<\/p>\n<p>-Med El Kory Isselmou Tablenkou, directeur adjoint, d\u00e9cor\u00e9 de la m\u00e9daille de reconnaissance nationale de l\u2019ordre du m\u00e9rite national ;<\/p>\n<p>-Khalilou Mohamed Wagu\u00e9, Chef de service ; d\u00e9cor\u00e9 de la m\u00e9daille de reconnaissance nationale de l\u2019ordre du m\u00e9rite national<\/p>\n<p>-Mme Aissata Gourmo Lam, secr\u00e9taire, d\u00e9cor\u00e9e de la m\u00e9daille de reconnaissance nationale de l\u2019ordre du m\u00e9rite national.<\/p>\n<p>Ces distinctions ont \u00e9t\u00e9 attribu\u00e9es aux concern\u00e9s en guise de reconnaissance et d&#8217;appr\u00e9ciation de leur d\u00e9vouement et de leur assiduit\u00e9 dans le travail.<\/p>\n","protected":false},"excerpt":{"rendered":"<p>Au nom du Pr\u00e9sident de la R\u00e9publique, Monsieur Mohamed Ould Cheikh El Ghazouani, le ministre des Affaires \u00e9conomiques et de la Promotion des Secteurs productifs, M. Ousmane Kane Mamoudou, a d\u00e9cor\u00e9, jeudi, certains fonctionnaires et agents de son d\u00e9partement dans le cadre des festivit\u00e9s comm\u00e9moratives du 62e anniversaire de l\u2019ind\u00e9pendance nationale. Il s\u2019agit de MM: [&hellip;]<\/p>\n","protected":false},"author":5,"featured_media":213956,"comment_status":"open","ping_status":"open","sticky":false,"template":"","format":"standard","meta":{"footnotes":""},"categories":[63920,63957,63927],"tags":[63990],"class_list":["post-213955","post","type-post","status-publish","format-standard","has-post-thumbnail","hentry","category-a-la-une","category-fil-dactualite","category-slider-mauritanie","tag-activites-gouvernementales"],"_links":{"self":[{"href":"https:\/\/ami.mr\/fr\/wp-json\/wp\/v2\/posts\/213955","targetHints":{"allow":["GET"]}}],"collection":[{"href":"https:\/\/ami.mr\/fr\/wp-json\/wp\/v2\/posts"}],"about":[{"href":"https:\/\/ami.mr\/fr\/wp-json\/wp\/v2\/types\/post"}],"author":[{"embeddable":true,"href":"https:\/\/ami.mr\/fr\/wp-json\/wp\/v2\/users\/5"}],"replies":[{"embeddable":true,"href":"https:\/\/ami.mr\/fr\/wp-json\/wp\/v2\/comments?post=213955"}],"version-history":[{"count":1,"href":"https:\/\/ami.mr\/fr\/wp-json\/wp\/v2\/posts\/213955\/revisions"}],"predecessor-version":[{"id":213957,"href":"https:\/\/ami.mr\/fr\/wp-json\/wp\/v2\/posts\/213955\/revisions\/213957"}],"wp:featuredmedia":[{"embeddable":true,"href":"https:\/\/ami.mr\/fr\/wp-json\/wp\/v2\/media\/213956"}],"wp:attachment":[{"href":"https:\/\/ami.mr\/fr\/wp-json\/wp\/v2\/media?parent=213955"}],"wp:term":[{"taxonomy":"category","embeddable":true,"href":"https:\/\/ami.mr\/fr\/wp-json\/wp\/v2\/categories?post=213955"},{"taxonomy":"post_tag","embeddable":true,"href":"https:\/\/ami.mr\/fr\/wp-json\/wp\/v2\/tags?post=213955"}],"curies":[{"name":"wp","href":"https:\/\/api.w.org\/{rel}","templated":true}]}}