{"id":213902,"date":"2023-01-04T17:53:47","date_gmt":"2023-01-04T17:53:47","guid":{"rendered":"https:\/\/ami.mr\/fr\/?p=213902"},"modified":"2023-01-05T16:02:51","modified_gmt":"2023-01-05T16:02:51","slug":"au-conseil-des-ministres-presentation-de-la-strategie-nationale-de-lenseignement-superieur","status":"publish","type":"post","link":"https:\/\/ami.mr\/fr\/archives\/213902","title":{"rendered":"Au Conseil des Ministres: Pr\u00e9sentation de la Strat\u00e9gie Nationale de l\u2019Enseignement Sup\u00e9rieur"},"content":{"rendered":"<p>Le Conseil des Ministres s&#8217;est r\u00e9uni le Mercredi 04 janvier 2023 sous la Pr\u00e9sidence de Son Excellence Monsieur le Pr\u00e9sident de la R\u00e9publique Mohamed Ould Cheikh El-Ghazouani.<\/p>\n<p>Le Conseil a examin\u00e9 et adopt\u00e9 les projets de d\u00e9crets suivants :<\/p>\n<p>\u2010 Projet de d\u00e9cret portant approbation d\u2019une convention d\u2019\u00e9tablissement entre le Gouvernement de la R\u00e9publique Islamique de Mauritanie et la Soci\u00e9t\u00e9 SCOMAT-SA.<\/p>\n<p>La soci\u00e9t\u00e9 SCOMAT-SA va construire et \u00e9quiper des entrep\u00f4ts frigorifiques d\u2019une capacit\u00e9 de 5.000 tonnes de stockage de produits frais et congel\u00e9s \u00e0 Nouakchott.<\/p>\n<p>Ce projet va cr\u00e9er 70 emplois directs et 200 autres emplois indirects et assurera une formation professionnelle des nationaux qu\u2019il aura \u00e0 employer.<\/p>\n<p>\u2010 Projet de d\u00e9cret portant modification d\u2019une convention d\u2019\u00e9tablissement sign\u00e9e entre le Gouvernement de la R\u00e9publique Islamique de Mauritanie et la Soci\u00e9t\u00e9 OMNIUM MAROCAIN INDUSTRIE ET CHIMIQUE-SA<\/p>\n<p>Le pr\u00e9sent projet de d\u00e9cret a pour objet de modifier le nom de la soci\u00e9t\u00e9 OMNIUM MAROCAIN INDUSTRIEL ET CHIMIQUE-SA par OMNIUM MAURITANIEN D\u2019INDUSTRIE ET DU COMMERCE (OMIC)-SA, sur la convention d\u2019\u00e9tablissement sign\u00e9e entre le Gouvernement de la R\u00e9publique Islamique de Mauritanie et OMIC SA en date du 16 janvier 2014.<\/p>\n<p>\u2010 Projet de d\u00e9cret portant avancement de grade de professeurs de l\u2019enseignement sup\u00e9rieur<\/p>\n<p>Le pr\u00e9sent projet de d\u00e9cret vise la promotion acad\u00e9mique de certains enseignants hospitalo-universitaires par l\u2019avancement du grade de professeurs agr\u00e9g\u00e9s au grade des professeurs hospitalo-universitaires, apr\u00e8s avoir rempli les conditions requises pour la promotion et obtenu l\u2019avis favorable du Conseil National de l\u2019Enseignement Sup\u00e9rieur et de la Recherche Scientifique.<\/p>\n<p>Inform\u00e9 des r\u00e9sultats de la visite de travail effectu\u00e9e par SEM le Pr\u00e9sident de la R\u00e9publique les jeudi 29 et vendredi 30 d\u00e9cembre 2022, dans les wilayas du Hodh El Gharbi et du Brakna, le Conseil des Ministres adresse ses remerciements et ses vives f\u00e9licitations aux populations de ces deux wilayas en g\u00e9n\u00e9ral et celles des Moughataas d\u2019Aioun et de Bogh\u00e9 en particulier, pour la grande mobilisation et la chaleur de l&#8217;accueil r\u00e9serv\u00e9 \u00e0 SEM le Pr\u00e9sident de la R\u00e9publique et \u00e0 la d\u00e9l\u00e9gation qui l\u2019a accompagn\u00e9 durant ces visites au cours desquelles Son Excellence a lanc\u00e9 et inaugur\u00e9 d&#8217;importants projets de d\u00e9veloppement.<\/p>\n<p>Le Ministre de la Justice, Ministre des Affaires Etrang\u00e8res, de la Coop\u00e9ration et des Mauritaniens de l\u2019Ext\u00e9rieur par Int\u00e9rim a pr\u00e9sent\u00e9 une communication relative \u00e0 la situation internationale.<\/p>\n<p>Le Ministre de l\u2019Int\u00e9rieur et de la D\u00e9centralisation a pr\u00e9sent\u00e9 une communication relative \u00e0 la situation int\u00e9rieure.<\/p>\n<p>Le Ministre de l\u2019Enseignement Sup\u00e9rieur et de la Recherche Scientifique a pr\u00e9sent\u00e9 une communication relative \u00e0 la Strat\u00e9gie Nationale de l\u2019Enseignement Sup\u00e9rieur.<\/p>\n<p>L&#8217;\u00e9laboration de cette strat\u00e9gie s&#8217;est bas\u00e9e sur un diagnostic de l&#8217;\u00e9tat du secteur et sur un mod\u00e8le de simulation macro financier permettant de projeter les tendances g\u00e9n\u00e9rales du syst\u00e8me d&#8217;enseignement sup\u00e9rieur en mati\u00e8re d&#8217;effectif d&#8217;\u00e9tudiants mais aussi en mati\u00e8re de co\u00fbt de financement. Le processus d\u2019\u00e9laboration de cette strat\u00e9gie et de son plan d&#8217;action budg\u00e9tis\u00e9 pour la p\u00e9riode 2023-2026 a impliqu\u00e9 les principaux acteurs concern\u00e9s par les probl\u00e9matiques de l&#8217;enseignement sup\u00e9rieur en particulier et du syst\u00e8me \u00e9ducatif en g\u00e9n\u00e9ral.<\/p>\n<p>La strat\u00e9gie de l&#8217;enseignement sup\u00e9rieur est d\u00e9clin\u00e9e en trois axes principaux :<\/p>\n<p>i) Mobilisation des moyens adapt\u00e9s aux \u00e9volutions de l&#8217;enseignement Sup\u00e9rieur mauritanien ;<\/p>\n<p>ii) Am\u00e9lioration de la Gouvernance ; et<\/p>\n<p>iii) Renforcement de l&#8217;efficacit\u00e9 des \u00e9tablissements d&#8217;enseignement Sup\u00e9rieur.<\/p>\n<p>Enfin, le Conseil a pris les mesures individuelles suivantes :<\/p>\n<p>Minist\u00e8re de l\u2019Int\u00e9rieur et de la D\u00e9centralisation<\/p>\n<p>Cabinet du Ministre<\/p>\n<p>Charg\u00e9 de mission : Yahya Ould CHEIKH MOHAMED VALL, Administrateur Civil, pr\u00e9c\u00e9demment Wali de Dakhlet Nouadhibou<\/p>\n<p>Administration Territoriale<\/p>\n<p>Wilaya de Dakhlet Nouadhibou<\/p>\n<p>Wali : Mahi Ould HAMED, Administrateur Civil, pr\u00e9c\u00e9demment Directeur G\u00e9n\u00e9ral de l\u2019Administration Territoriale<\/p>\n<p>Minist\u00e8re des P\u00eaches et de l\u2019Economie Maritime<\/p>\n<p>Etablissements publics<\/p>\n<p>Agence pour le D\u00e9veloppement de la P\u00eache et de la Pisciculture Continentales<\/p>\n<p>\u2010 Directrice G\u00e9n\u00e9rale : Zeinabou Mint YEYE, titulaire d\u2019une Ma\u00eetrise en Ressources Maritimes et d\u2019Eaux Douces, pr\u00e9c\u00e9demment Charg\u00e9e de mission<\/p>\n<p>\u2010 Directeur G\u00e9n\u00e9ral Adjoint : Seck Hassan, Assistant V\u00e9t\u00e9rinaire.<\/p>\n<p>Agence Mauritanienne des Affaires Maritimes<\/p>\n<p>\u2010 Directeur G\u00e9n\u00e9ral : El Vadil OULD SIDATTY, Titulaire d\u2019un Master2 en Droit et S\u00e9curit\u00e9 des Activit\u00e9s Maritimes et Oc\u00e9aniques<\/p>\n<p>\u2010 Directeur G\u00e9n\u00e9ral Adjoint : Mohamed Yeslem AHMED EL HACEN, Ing\u00e9nieur d\u2019Etat en G\u00e9nie Maritime-option \u00e9quipement des navires, pr\u00e9c\u00e9demment Directeur de la Marine Marchande<\/p>\n","protected":false},"excerpt":{"rendered":"<p>Le Conseil des Ministres s&#8217;est r\u00e9uni le Mercredi 04 janvier 2023 sous la Pr\u00e9sidence de Son Excellence Monsieur le Pr\u00e9sident de la R\u00e9publique Mohamed Ould Cheikh El-Ghazouani. Le Conseil a examin\u00e9 et adopt\u00e9 les projets de d\u00e9crets suivants : \u2010 Projet de d\u00e9cret portant approbation d\u2019une convention d\u2019\u00e9tablissement entre le Gouvernement de la R\u00e9publique Islamique [&hellip;]<\/p>\n","protected":false},"author":13,"featured_media":213903,"comment_status":"open","ping_status":"open","sticky":false,"template":"","format":"standard","meta":{"footnotes":""},"categories":[63919,63957,63921,63927],"tags":[63990],"class_list":["post-213902","post","type-post","status-publish","format-standard","has-post-thumbnail","hentry","category-choix-du-redacteur","category-fil-dactualite","category-slider-afficher","category-slider-mauritanie","tag-activites-gouvernementales"],"_links":{"self":[{"href":"https:\/\/ami.mr\/fr\/wp-json\/wp\/v2\/posts\/213902","targetHints":{"allow":["GET"]}}],"collection":[{"href":"https:\/\/ami.mr\/fr\/wp-json\/wp\/v2\/posts"}],"about":[{"href":"https:\/\/ami.mr\/fr\/wp-json\/wp\/v2\/types\/post"}],"author":[{"embeddable":true,"href":"https:\/\/ami.mr\/fr\/wp-json\/wp\/v2\/users\/13"}],"replies":[{"embeddable":true,"href":"https:\/\/ami.mr\/fr\/wp-json\/wp\/v2\/comments?post=213902"}],"version-history":[{"count":2,"href":"https:\/\/ami.mr\/fr\/wp-json\/wp\/v2\/posts\/213902\/revisions"}],"predecessor-version":[{"id":213965,"href":"https:\/\/ami.mr\/fr\/wp-json\/wp\/v2\/posts\/213902\/revisions\/213965"}],"wp:featuredmedia":[{"embeddable":true,"href":"https:\/\/ami.mr\/fr\/wp-json\/wp\/v2\/media\/213903"}],"wp:attachment":[{"href":"https:\/\/ami.mr\/fr\/wp-json\/wp\/v2\/media?parent=213902"}],"wp:term":[{"taxonomy":"category","embeddable":true,"href":"https:\/\/ami.mr\/fr\/wp-json\/wp\/v2\/categories?post=213902"},{"taxonomy":"post_tag","embeddable":true,"href":"https:\/\/ami.mr\/fr\/wp-json\/wp\/v2\/tags?post=213902"}],"curies":[{"name":"wp","href":"https:\/\/api.w.org\/{rel}","templated":true}]}}