{"id":213873,"date":"2023-01-03T21:26:42","date_gmt":"2023-01-03T21:26:42","guid":{"rendered":"https:\/\/ami.mr\/fr\/?p=213873"},"modified":"2023-01-04T13:03:23","modified_gmt":"2023-01-04T13:03:23","slug":"tidjikja-ouverture-dun-atelier-de-formation-des-directeurs-des-etablissements-denseignement-et-dinspecteurs","status":"publish","type":"post","link":"https:\/\/ami.mr\/fr\/archives\/213873","title":{"rendered":"Tidjikja : Ouverture d\u2019un atelier de formation des directeurs des \u00e9tablissements d\u2019enseignement et d\u2019inspecteurs"},"content":{"rendered":"<div class=\"row\"><\/div>\n<div class=\"row\">\n<div class=\"cell auto-size\">\n<div class=\"set-border bd-gray padding10 margin10 no-margin-right no-margin-left \" dir=\"ltr\">\n<p>Les travaux d\u2019un atelier de formation, organis\u00e9 par le minist\u00e8re de l&#8217;\u00c9ducation nationale et de la R\u00e9forme du Syst\u00e8me \u00e9ducatif, repr\u00e9sent\u00e9 par la plateforme num\u00e9rique relevant du d\u00e9partement, au profit des directeurs des \u00e9tablissements de l&#8217;enseignement primaire et secondaire et des inspecteurs au niveau de la wilaya du Tagant ont \u00e9t\u00e9 ouverts ce mardi \u00e0 l\u2019h\u00f4tel de ville \u00e0 Tidjikja.<\/p>\n<p>Le directeur de cabinet du wali du Tagant, M. Mokhtar Ould Ahmed Ould Baba, a mis d\u2019embl\u00e9e en exergue, dans son mot fait pour la circonstance, l&#8217;importance de cette rencontre, visant \u00e0 accompagner et \u00e0 d\u00e9velopper les capacit\u00e9s de tous les intervenants de la famille scolaire r\u00e9gionale, en mati\u00e8re d\u2019archivage et de t\u00e9l\u00e9chargement des informations sur la plateforme num\u00e9rique sp\u00e9cifique du d\u00e9partement.<\/p>\n<p>Toutes ces mesures visent \u00e0 hisser l\u2019apport de l\u2019\u00c9cole r\u00e9publicaine, ce choix irr\u00e9versible destin\u00e9 \u00e0 faire progresser l\u2019enseignement, r\u00e9guli\u00e8rement r\u00e9it\u00e9r\u00e9 par Son Excellence le Pr\u00e9sident de la R\u00e9publique, Monsieur. Mohamed Ould Cheikh Al-Ghazouani, a dit le directeur de cabinet du wali, appelant tous les participants \u00e0 se concentrer et \u00e0 contribuer \u00e0 l&#8217;enrichissement du th\u00e8me de l\u2019atelier.<\/p>\n<p>Dans le souci de moderniser et de d\u00e9velopper notre syst\u00e8me p\u00e9dagogique \u00e0 travers la plateforme num\u00e9rique, le minist\u00e8re a d\u00e9cid\u00e9 d&#8217;organiser le pr\u00e9sent atelier de 5 jours, afin de former les acteurs p\u00e9dagogiques de la wilaya sur l&#8217;utilisation des tablettes \u00e9lectroniques avant de les mettre \u00e0 leur disposition a indiqu\u00e9 pour sa part, l\u2019envoy\u00e9 du d\u00e9partement \u00e0 ces travaux, M. Gueraye Ould Deih.<\/p>\n<p>Ces supports num\u00e9riques contiennent toutes les informations relatives aux \u00e9tablissements de l\u2019enseignement au niveau du Tagant, telles que la pr\u00e9sence de son personnel d\u2019encadrement ainsi que l\u2019assiduit\u00e9, les transferts et la d\u00e9termination des niveaux de ses \u00e9l\u00e8ves.<\/p>\n<\/div>\n<\/div>\n<\/div>\n","protected":false},"excerpt":{"rendered":"<p>Les travaux d\u2019un atelier de formation, organis\u00e9 par le minist\u00e8re de l&#8217;\u00c9ducation nationale et de la R\u00e9forme du Syst\u00e8me \u00e9ducatif, repr\u00e9sent\u00e9 par la plateforme num\u00e9rique relevant du d\u00e9partement, au profit des directeurs des \u00e9tablissements de l&#8217;enseignement primaire et secondaire et des inspecteurs au niveau de la wilaya du Tagant ont \u00e9t\u00e9 ouverts ce mardi \u00e0 [&hellip;]<\/p>\n","protected":false},"author":8,"featured_media":213874,"comment_status":"open","ping_status":"open","sticky":false,"template":"","format":"standard","meta":{"footnotes":""},"categories":[63918,63957,8672],"tags":[],"class_list":["post-213873","post","type-post","status-publish","format-standard","has-post-thumbnail","hentry","category-autres","category-fil-dactualite","category-8672"],"_links":{"self":[{"href":"https:\/\/ami.mr\/fr\/wp-json\/wp\/v2\/posts\/213873","targetHints":{"allow":["GET"]}}],"collection":[{"href":"https:\/\/ami.mr\/fr\/wp-json\/wp\/v2\/posts"}],"about":[{"href":"https:\/\/ami.mr\/fr\/wp-json\/wp\/v2\/types\/post"}],"author":[{"embeddable":true,"href":"https:\/\/ami.mr\/fr\/wp-json\/wp\/v2\/users\/8"}],"replies":[{"embeddable":true,"href":"https:\/\/ami.mr\/fr\/wp-json\/wp\/v2\/comments?post=213873"}],"version-history":[{"count":1,"href":"https:\/\/ami.mr\/fr\/wp-json\/wp\/v2\/posts\/213873\/revisions"}],"predecessor-version":[{"id":213875,"href":"https:\/\/ami.mr\/fr\/wp-json\/wp\/v2\/posts\/213873\/revisions\/213875"}],"wp:featuredmedia":[{"embeddable":true,"href":"https:\/\/ami.mr\/fr\/wp-json\/wp\/v2\/media\/213874"}],"wp:attachment":[{"href":"https:\/\/ami.mr\/fr\/wp-json\/wp\/v2\/media?parent=213873"}],"wp:term":[{"taxonomy":"category","embeddable":true,"href":"https:\/\/ami.mr\/fr\/wp-json\/wp\/v2\/categories?post=213873"},{"taxonomy":"post_tag","embeddable":true,"href":"https:\/\/ami.mr\/fr\/wp-json\/wp\/v2\/tags?post=213873"}],"curies":[{"name":"wp","href":"https:\/\/api.w.org\/{rel}","templated":true}]}}