{"id":213857,"date":"2023-01-03T18:09:55","date_gmt":"2023-01-03T18:09:55","guid":{"rendered":"https:\/\/ami.mr\/fr\/?p=213857"},"modified":"2023-01-04T12:59:50","modified_gmt":"2023-01-04T12:59:50","slug":"la-mauritanie-condamne-fermement-lassaut-de-la-cours-de-la-mosquee-al-aqsa-par-un-ministre-israelien","status":"publish","type":"post","link":"https:\/\/ami.mr\/fr\/archives\/213857","title":{"rendered":"La Mauritanie condamne fermement l\u2019assaut de l&#8217;esplanade de la mosqu\u00e9e Al-Aqsa par un ministre isra\u00e9lien"},"content":{"rendered":"<div class=\"row\">\n<div class=\"cell auto-size bd-gray\" dir=\"ltr\"><\/div>\n<\/div>\n<div class=\"row\">\n<div class=\"cell auto-size\">\n<div class=\"set-border bd-gray padding10 margin10 no-margin-right no-margin-left \" dir=\"ltr\">\n<p>La R\u00e9publique Islamique de Mauritanie a fortement exprim\u00e9, mardi, sa condamnation de l\u2019assaut de l&#8217;esplanade de la sainte mosqu\u00e9e Al-Aqsa par un ministre du gouvernement isra\u00e9lien \u00bb.<\/p>\n<p>C\u2019est ce qui ressort d\u2019un communiqu\u00e9 de presse du minist\u00e8re des Affaires \u00e9trang\u00e8res, de la Coop\u00e9ration et des Mauritaniens de l\u2019Ext\u00e9rieur, parvenu, mardi \u00e0 l\u2019AMI, et dont voici le texte int\u00e9gral :<\/p>\n<p>\u00ab La R\u00e9publique islamique de Mauritanie condamne avec les termes les plus vigoureux, l\u2019assaut de l&#8217;esplanade de la sainte mosqu\u00e9e Al-Aqsa par un ministre isra\u00e9lien, en violation flagrante du droit international et en provocation brutale des sentiments de la Oumma islamique.<\/p>\n<p>Tout en condamnant cette violation flagrante de toutes les normes et conventions internationales et de toutes les mesures visant \u00e0 modifier le statut juridique de la sainte mosqu\u00e9e Al-Aqsa, la R\u00e9publique islamique de Mauritanie r\u00e9affirme sa position ferme aux c\u00f4t\u00e9s du peuple palestinien et son appui \u00e0 tous les efforts et les m\u00e9diations visant \u00e0 mettre fin \u00e0 l\u2019occupation et \u00e0 cr\u00e9er un \u00c9tat palestinien ind\u00e9pendant, aux fronti\u00e8res de 1967, avec Al Quads pour capitale, conform\u00e9ment aux r\u00e9solutions internationales adopt\u00e9es \u00e0 ce sujet \u00bb.<\/p>\n<\/div>\n<\/div>\n<\/div>\n","protected":false},"excerpt":{"rendered":"<p>La R\u00e9publique Islamique de Mauritanie a fortement exprim\u00e9, mardi, sa condamnation de l\u2019assaut de l&#8217;esplanade de la sainte mosqu\u00e9e Al-Aqsa par un ministre du gouvernement isra\u00e9lien \u00bb. C\u2019est ce qui ressort d\u2019un communiqu\u00e9 de presse du minist\u00e8re des Affaires \u00e9trang\u00e8res, de la Coop\u00e9ration et des Mauritaniens de l\u2019Ext\u00e9rieur, parvenu, mardi \u00e0 l\u2019AMI, et dont voici [&hellip;]<\/p>\n","protected":false},"author":8,"featured_media":213858,"comment_status":"open","ping_status":"open","sticky":false,"template":"","format":"standard","meta":{"footnotes":""},"categories":[63919,63957,63921,63927],"tags":[63990],"class_list":["post-213857","post","type-post","status-publish","format-standard","has-post-thumbnail","hentry","category-choix-du-redacteur","category-fil-dactualite","category-slider-afficher","category-slider-mauritanie","tag-activites-gouvernementales"],"_links":{"self":[{"href":"https:\/\/ami.mr\/fr\/wp-json\/wp\/v2\/posts\/213857","targetHints":{"allow":["GET"]}}],"collection":[{"href":"https:\/\/ami.mr\/fr\/wp-json\/wp\/v2\/posts"}],"about":[{"href":"https:\/\/ami.mr\/fr\/wp-json\/wp\/v2\/types\/post"}],"author":[{"embeddable":true,"href":"https:\/\/ami.mr\/fr\/wp-json\/wp\/v2\/users\/8"}],"replies":[{"embeddable":true,"href":"https:\/\/ami.mr\/fr\/wp-json\/wp\/v2\/comments?post=213857"}],"version-history":[{"count":3,"href":"https:\/\/ami.mr\/fr\/wp-json\/wp\/v2\/posts\/213857\/revisions"}],"predecessor-version":[{"id":213879,"href":"https:\/\/ami.mr\/fr\/wp-json\/wp\/v2\/posts\/213857\/revisions\/213879"}],"wp:featuredmedia":[{"embeddable":true,"href":"https:\/\/ami.mr\/fr\/wp-json\/wp\/v2\/media\/213858"}],"wp:attachment":[{"href":"https:\/\/ami.mr\/fr\/wp-json\/wp\/v2\/media?parent=213857"}],"wp:term":[{"taxonomy":"category","embeddable":true,"href":"https:\/\/ami.mr\/fr\/wp-json\/wp\/v2\/categories?post=213857"},{"taxonomy":"post_tag","embeddable":true,"href":"https:\/\/ami.mr\/fr\/wp-json\/wp\/v2\/tags?post=213857"}],"curies":[{"name":"wp","href":"https:\/\/api.w.org\/{rel}","templated":true}]}}