{"id":213854,"date":"2023-01-03T16:10:32","date_gmt":"2023-01-03T16:10:32","guid":{"rendered":"https:\/\/ami.mr\/fr\/?p=213854"},"modified":"2023-01-03T16:10:32","modified_gmt":"2023-01-03T16:10:32","slug":"la-ministre-de-laction-sociale-decore-des-cadres-de-son-departement","status":"publish","type":"post","link":"https:\/\/ami.mr\/fr\/archives\/213854","title":{"rendered":"La ministre de l&#8217;action sociale d\u00e9core des cadres de son d\u00e9partement"},"content":{"rendered":"<p>La ministre de l&#8217;Action sociale, de l&#8217;Enfance et de la Famille, Mme Savia Mint N&#8217;tahah a d\u00e9cor\u00e9, mardi \u00e0 Nouakchott, au nom du Pr\u00e9sident de la R\u00e9publique, des cadres de son d\u00e9partement, dans le cadre de la comm\u00e9moration du 62\u00e8me anniversaire de l&#8217;ind\u00e9pendance nationale.<\/p>\n<p>C&#8217;est ainsi qu&#8217;elle a d\u00e9cor\u00e9 de la m\u00e9daille d&#8217;officier de l&#8217;ordre du m\u00e9rit\u00e9 nationale MM :<\/p>\n<p>&#8211; Salek Ould Jeirib, directeur des \u00e9tudes, de la coop\u00e9ration et du suivi<\/p>\n<p>&#8211; Mohamed Lemine Ould El Mounir, directeur financier<\/p>\n<p>De la m\u00e9daille d&#8217;honneur 1\u00e8me classe<\/p>\n<p>&#8211; Mme Roughayetou Ly, inspectrice au minist\u00e8re<\/p>\n<p>La c\u00e9r\u00e9monie s&#8217;est d\u00e9roul\u00e9e en pr\u00e9sence du secr\u00e9taire g\u00e9n\u00e9ral du minist\u00e8re.<\/p>\n","protected":false},"excerpt":{"rendered":"<p>La ministre de l&#8217;Action sociale, de l&#8217;Enfance et de la Famille, Mme Savia Mint N&#8217;tahah a d\u00e9cor\u00e9, mardi \u00e0 Nouakchott, au nom du Pr\u00e9sident de la R\u00e9publique, des cadres de son d\u00e9partement, dans le cadre de la comm\u00e9moration du 62\u00e8me anniversaire de l&#8217;ind\u00e9pendance nationale. C&#8217;est ainsi qu&#8217;elle a d\u00e9cor\u00e9 de la m\u00e9daille d&#8217;officier de l&#8217;ordre [&hellip;]<\/p>\n","protected":false},"author":2,"featured_media":213855,"comment_status":"open","ping_status":"open","sticky":false,"template":"","format":"standard","meta":{"footnotes":""},"categories":[63920,63957,63927],"tags":[63990],"class_list":["post-213854","post","type-post","status-publish","format-standard","has-post-thumbnail","hentry","category-a-la-une","category-fil-dactualite","category-slider-mauritanie","tag-activites-gouvernementales"],"_links":{"self":[{"href":"https:\/\/ami.mr\/fr\/wp-json\/wp\/v2\/posts\/213854","targetHints":{"allow":["GET"]}}],"collection":[{"href":"https:\/\/ami.mr\/fr\/wp-json\/wp\/v2\/posts"}],"about":[{"href":"https:\/\/ami.mr\/fr\/wp-json\/wp\/v2\/types\/post"}],"author":[{"embeddable":true,"href":"https:\/\/ami.mr\/fr\/wp-json\/wp\/v2\/users\/2"}],"replies":[{"embeddable":true,"href":"https:\/\/ami.mr\/fr\/wp-json\/wp\/v2\/comments?post=213854"}],"version-history":[{"count":1,"href":"https:\/\/ami.mr\/fr\/wp-json\/wp\/v2\/posts\/213854\/revisions"}],"predecessor-version":[{"id":213856,"href":"https:\/\/ami.mr\/fr\/wp-json\/wp\/v2\/posts\/213854\/revisions\/213856"}],"wp:featuredmedia":[{"embeddable":true,"href":"https:\/\/ami.mr\/fr\/wp-json\/wp\/v2\/media\/213855"}],"wp:attachment":[{"href":"https:\/\/ami.mr\/fr\/wp-json\/wp\/v2\/media?parent=213854"}],"wp:term":[{"taxonomy":"category","embeddable":true,"href":"https:\/\/ami.mr\/fr\/wp-json\/wp\/v2\/categories?post=213854"},{"taxonomy":"post_tag","embeddable":true,"href":"https:\/\/ami.mr\/fr\/wp-json\/wp\/v2\/tags?post=213854"}],"curies":[{"name":"wp","href":"https:\/\/api.w.org\/{rel}","templated":true}]}}