{"id":213822,"date":"2023-01-03T10:21:31","date_gmt":"2023-01-03T10:21:31","guid":{"rendered":"https:\/\/ami.mr\/fr\/?p=213822"},"modified":"2023-01-03T15:25:34","modified_gmt":"2023-01-03T15:25:34","slug":"retour-a-nouakchott-du-ministre-de-lelevage","status":"publish","type":"post","link":"https:\/\/ami.mr\/fr\/archives\/213822","title":{"rendered":"Retour \u00e0 Nouakchott du ministre de l\u2019\u00c9levage"},"content":{"rendered":"<div class=\"cell auto-size\">\n<div class=\"set-border bd-gray padding10 margin10 no-margin-right no-margin-left \" dir=\"ltr\">\n<p>Le ministre de l\u2019\u00c9levage, M. Mohamed Ould Abdellahi Ould Ethmane a regagn\u00e9 Nouakchott lundi soir en provenance de Dakar o\u00f9 il a particip\u00e9 \u00e0 la 8\u00e8me \u00e9dition de la journ\u00e9e nationale de l&#8217;\u00e9levage c\u00e9l\u00e9br\u00e9e en 2022 \u00e0 Tabacounda sous le th\u00e8me &#8221; Modernisation et intensification des syst\u00e8mes d\u2019\u00e9levage pour une comp\u00e9titivit\u00e9 des cha\u00eenes de valeurs animales et la souverainet\u00e9 alimentaire&#8221;.<\/p>\n<p>Au cours de sa pr\u00e9sence au S\u00e9n\u00e9gal, le ministre a rencontr\u00e9 ses homologues du S\u00e9n\u00e9gal, du Mali et de Guin\u00e9e Bissau tout comme il visit\u00e9 l&#8217;institut sup\u00e9rieur des sciences et de la m\u00e9decine v\u00e9t\u00e9rinaire et a tenu une r\u00e9union avec les experts du minist\u00e8re s\u00e9n\u00e9galais de l&#8217;\u00e9levage pour s&#8217;informer sur leurs exp\u00e9riences.<\/p>\n<p>M. Mohamed Ould Abdellahi Ould Ethmane \u00e9tait accompagn\u00e9, au cours de ce voyage, par le directeur des services v\u00e9t\u00e9rinaires.<\/p>\n<\/div>\n<\/div>\n","protected":false},"excerpt":{"rendered":"<p>Le ministre de l\u2019\u00c9levage, M. Mohamed Ould Abdellahi Ould Ethmane a regagn\u00e9 Nouakchott lundi soir en provenance de Dakar o\u00f9 il a particip\u00e9 \u00e0 la 8\u00e8me \u00e9dition de la journ\u00e9e nationale de l&#8217;\u00e9levage c\u00e9l\u00e9br\u00e9e en 2022 \u00e0 Tabacounda sous le th\u00e8me &#8221; Modernisation et intensification des syst\u00e8mes d\u2019\u00e9levage pour une comp\u00e9titivit\u00e9 des cha\u00eenes de valeurs [&hellip;]<\/p>\n","protected":false},"author":10,"featured_media":213823,"comment_status":"open","ping_status":"open","sticky":false,"template":"","format":"standard","meta":{"footnotes":""},"categories":[63918,63957,25],"tags":[],"class_list":["post-213822","post","type-post","status-publish","format-standard","has-post-thumbnail","hentry","category-autres","category-fil-dactualite","category-25"],"_links":{"self":[{"href":"https:\/\/ami.mr\/fr\/wp-json\/wp\/v2\/posts\/213822","targetHints":{"allow":["GET"]}}],"collection":[{"href":"https:\/\/ami.mr\/fr\/wp-json\/wp\/v2\/posts"}],"about":[{"href":"https:\/\/ami.mr\/fr\/wp-json\/wp\/v2\/types\/post"}],"author":[{"embeddable":true,"href":"https:\/\/ami.mr\/fr\/wp-json\/wp\/v2\/users\/10"}],"replies":[{"embeddable":true,"href":"https:\/\/ami.mr\/fr\/wp-json\/wp\/v2\/comments?post=213822"}],"version-history":[{"count":2,"href":"https:\/\/ami.mr\/fr\/wp-json\/wp\/v2\/posts\/213822\/revisions"}],"predecessor-version":[{"id":213825,"href":"https:\/\/ami.mr\/fr\/wp-json\/wp\/v2\/posts\/213822\/revisions\/213825"}],"wp:featuredmedia":[{"embeddable":true,"href":"https:\/\/ami.mr\/fr\/wp-json\/wp\/v2\/media\/213823"}],"wp:attachment":[{"href":"https:\/\/ami.mr\/fr\/wp-json\/wp\/v2\/media?parent=213822"}],"wp:term":[{"taxonomy":"category","embeddable":true,"href":"https:\/\/ami.mr\/fr\/wp-json\/wp\/v2\/categories?post=213822"},{"taxonomy":"post_tag","embeddable":true,"href":"https:\/\/ami.mr\/fr\/wp-json\/wp\/v2\/tags?post=213822"}],"curies":[{"name":"wp","href":"https:\/\/api.w.org\/{rel}","templated":true}]}}