{"id":213816,"date":"2023-01-02T20:16:01","date_gmt":"2023-01-02T20:16:01","guid":{"rendered":"https:\/\/ami.mr\/fr\/?p=213816"},"modified":"2023-01-03T15:35:54","modified_gmt":"2023-01-03T15:35:54","slug":"le-volet-social-represente-50-du-programme-presidentiel-ministre-de-la-sante","status":"publish","type":"post","link":"https:\/\/ami.mr\/fr\/archives\/213816","title":{"rendered":"Le volet social repr\u00e9sente 50% du programme pr\u00e9sidentiel (Ministre de la Sant\u00e9)"},"content":{"rendered":"<div class=\"row\">\n<div class=\"cell auto-size bd-gray\" dir=\"ltr\"><\/div>\n<\/div>\n<div class=\"row\">\n<div class=\"cell auto-size\">\n<div class=\"set-border bd-gray padding10 margin10 no-margin-right no-margin-left \" dir=\"ltr\">\n<p>Une conf\u00e9rence-d\u00e9bat autour du volet social du discours prononc\u00e9 \u00e0 l\u2019occasion du 62e anniversaire de l\u2019ind\u00e9pendance nationale, par le Pr\u00e9sident de la R\u00e9publique, Monsieur Mohamed Ould Cheikh El Ghazouani, a \u00e9t\u00e9 organis\u00e9, dimanche soir, par les m\u00e9dias publics nationaux. La rencontre a vu la participation des ministres de la Sant\u00e9, M. Moktar Ould Dahi, de l\u2019Action sociale, de l\u2019Enfance et de la Famille, Mme, Savia Mint N&#8217;Tahah, du D\u00e9l\u00e9gu\u00e9 g\u00e9n\u00e9ral \u00e0 la Solidarit\u00e9 nationale et \u00e0 la Lutte contre l\u2019Exclusion (Taazour), M. Mohamed Ali Ould Sidi Mohamed et de la Commissaire \u00e0 la S\u00e9curit\u00e9 alimentaire, Mme Fatimetou Mint Mahfoudh Ould Khattry.<\/p>\n<p><img decoding=\"async\" class=\"size-medium wp-image-213848 alignleft\" src=\"https:\/\/ami.mr\/fr\/wp-content\/uploads\/2023\/01\/02-01-2023-54-300x259.jpg\" alt=\"\" width=\"300\" height=\"259\" srcset=\"https:\/\/ami.mr\/fr\/wp-content\/uploads\/2023\/01\/02-01-2023-54-300x259.jpg 300w, https:\/\/ami.mr\/fr\/wp-content\/uploads\/2023\/01\/02-01-2023-54.jpg 591w\" sizes=\"(max-width: 300px) 100vw, 300px\" \/>Au cours de son intervention, <span style=\"color: #0000ff;\">le ministre de la Sant\u00e9<\/span> a rappel\u00e9 que le volet social occupe une place tr\u00e8s importante dans le programme du Pr\u00e9sident de la R\u00e9publique, puisqu\u2019il repr\u00e9sente 50% de celui-ci. Selon lui, il y a un consensus sur le fait que les r\u00e9alisations de ces trois derni\u00e8res ann\u00e9es dans le domaine social, sont sans pr\u00e9c\u00e9dent dans l\u2019histoire du pays.<\/p>\n<p>S\u2019agissant du secteur de la sant\u00e9, Ould Dahi a d\u00e9clar\u00e9 que le syst\u00e8me de gratuit\u00e9 pour les patients en r\u00e9animation a \u00e9t\u00e9 actualis\u00e9 de sorte que l\u2019hospitalisation et les m\u00e9dicaments soient gratuits pour eux. D\u00e9sormais, \u00ab ils ne paient aucun centime \u00bb, a r\u00e9affirm\u00e9 le ministre.<\/p>\n<p>Il a ajout\u00e9, qu\u2019en 2022, environ 54 mille femmes ont b\u00e9n\u00e9fici\u00e9 du forfait obst\u00e9trical avec une contribution symbolique de 4 500 ouguiyas ancienne monnaie. Ce forfait leur permet d\u2019obtenir une prise en charge de l\u2019\u00c9tat tout au long de la grossesse et deux mois apr\u00e8s l\u2019accouchement.<\/p>\n<p>Toujours concernant l\u2019acc\u00e8s aux soins, le ministre a soulign\u00e9 que l\u2019\u00c9tat a instaur\u00e9 la gratuit\u00e9 des soins pour les personnes victimes d\u2019accidents de la route, leur transport et ainsi que les \u00e9vacuations \u00e0 l\u2019\u00e9tranger. Il a assur\u00e9 que toutes ces mesures n\u2019avaient pas \u00e9t\u00e9 prises avant 2019.<\/p>\n<p>Enfin, le ministre a \u00e9voqu\u00e9 la question des infrastructures sanitaires. Il a annonc\u00e9 que les travaux au niveau de l\u2019h\u00f4pital d\u2019Atar ont \u00e9t\u00e9 effectu\u00e9s \u00e0 98% aussi bien en mati\u00e8re de construction que d\u2019\u00e9quipement. Les travaux de l\u2019h\u00f4pital de S\u00e9libabi, a annonc\u00e9 le ministre, qui ajoute que l\u2019\u00e9quipement de l\u2019\u00e9tablissement sera financ\u00e9 sur le budget de l\u2019\u00c9tat pour l\u2019ann\u00e9e 2023.<\/p>\n<p><img decoding=\"async\" class=\"size-medium wp-image-213849 alignleft\" src=\"https:\/\/ami.mr\/fr\/wp-content\/uploads\/2023\/01\/02-01-2023-55-300x259.jpg\" alt=\"\" width=\"300\" height=\"259\" srcset=\"https:\/\/ami.mr\/fr\/wp-content\/uploads\/2023\/01\/02-01-2023-55-300x259.jpg 300w, https:\/\/ami.mr\/fr\/wp-content\/uploads\/2023\/01\/02-01-2023-55.jpg 591w\" sizes=\"(max-width: 300px) 100vw, 300px\" \/>De son c\u00f4t\u00e9, <span style=\"color: #0000ff;\">la ministre de l\u2019Action social<\/span> a salu\u00e9 un discours historique, \u00e9voquant les augmentations des salaires des fonctionnaires entre autres, avant d\u2019\u00e9num\u00e9rer un certain nombre de mesures ayant permis la mise en place de programmes sociaux pour l\u2019am\u00e9lioration des conditions de vie des populations.<\/p>\n<p>Dans ce sens, la ministre a indiqu\u00e9 que le programme de cash transfert aux couches vuln\u00e9rables et personnes atteintes de maladies chroniques a touch\u00e9 3300 malades qui b\u00e9n\u00e9ficient de subventions r\u00e9guli\u00e8res, avec une prise en charge totale des personnes atteintes d\u2019insuffisance r\u00e9nale. A cela, note la ministre, s\u2019ajoute le soutien apport\u00e9 aux femmes et aux filles, notamment \u00e0 travers le financement d\u2019activit\u00e9s g\u00e9n\u00e9ratrices de revenus.<\/p>\n<p>Pour finir, la ministre de l\u2019Action sociale a annonc\u00e9 qu\u2019une chaine de t\u00e9l\u00e9vision verra bient\u00f4t le jour, afin de lutter contre les st\u00e9r\u00e9otypes sur les personnes handicap\u00e9es et la lutte contre les violences faites aux femmes.<\/p>\n<p><img decoding=\"async\" class=\"size-medium wp-image-213850 alignleft\" src=\"https:\/\/ami.mr\/fr\/wp-content\/uploads\/2023\/01\/02-01-2023-56-300x259.jpg\" alt=\"\" width=\"300\" height=\"259\" srcset=\"https:\/\/ami.mr\/fr\/wp-content\/uploads\/2023\/01\/02-01-2023-56-300x259.jpg 300w, https:\/\/ami.mr\/fr\/wp-content\/uploads\/2023\/01\/02-01-2023-56.jpg 591w\" sizes=\"(max-width: 300px) 100vw, 300px\" \/>A son tour, <span style=\"color: #0000ff;\">le d\u00e9l\u00e9gu\u00e9 g\u00e9n\u00e9ral de Taazour<\/span> a pr\u00e9sent\u00e9 plusieurs chiffres qui, selon lui, refl\u00e8tent les r\u00e9unions de la D\u00e9l\u00e9gation au cours des trois derni\u00e8res ann\u00e9es. Ainsi, il a affirm\u00e9 que 88 263 familles ont b\u00e9n\u00e9fici\u00e9 de l\u2019assurance maladie. 37 milliards d\u2019ouguiyas ancienne monnaie ont \u00e9t\u00e9 distribu\u00e9s dans le cadre du programme de transfert mon\u00e9taire aux couches d\u00e9favoris\u00e9es, a soulign\u00e9 le d\u00e9l\u00e9gu\u00e9 qui note au passage, le financement de 2 216 activit\u00e9s g\u00e9n\u00e9ratrices de revenus et des pr\u00eats, ayant permis la cr\u00e9ation de 10 mille opportunit\u00e9s d\u2019emploi directs.<\/p>\n<p>Parlant d\u2019infrastructures, il a d\u00e9clar\u00e9 que neuf grands barrages ont \u00e9t\u00e9 construits et que huit autres sont en cours de r\u00e9alisation. De plus, 455 digues ont \u00e9t\u00e9 r\u00e9alis\u00e9es au profit des agriculteurs situ\u00e9s dans des zones vuln\u00e9rables. En outre, 98 \u00e9coles comprenant 653 salles de classes \u00e9quip\u00e9es ont \u00e9t\u00e9 construites. Celles-ci peuvent accueillir environ 49 225 \u00e9l\u00e8ves, a soulign\u00e9 le d\u00e9l\u00e9gu\u00e9 g\u00e9n\u00e9ral de Taazour. Il a \u00e9galement mis en exergue le syst\u00e8me de parrainage scolaire qui prend en charge environ 66 mille \u00e9l\u00e8ves sur toute l\u2019\u00e9tendue du territoire national.<\/p>\n<p>Concernant les infrastructures \u00e0 caract\u00e8re sanitaire, le d\u00e9l\u00e9gu\u00e9 a indiqu\u00e9 que 20 \u00e9tablissements de sant\u00e9 ont \u00e9t\u00e9 construits et \u00e9quip\u00e9s, tandis que 17 autres sont en cours de r\u00e9alisation, dont l\u2019h\u00f4pital d\u2019El Mina et le centre de dialyse de Teyarett. Le d\u00e9l\u00e9gu\u00e9 a aussi rappel\u00e9 la mise en place d\u2019un programme national de lutte contre la malnutrition infantile, prenant en charge pr\u00e8s de 30 mille enfants. Toujours au chapitre des chiffres, le d\u00e9l\u00e9gu\u00e9 a parl\u00e9 de la cr\u00e9ation de 70 r\u00e9seaux d\u2019approvisionnement en eau, dont 34 ont \u00e9t\u00e9 achev\u00e9s, 34 autres sont en cours de r\u00e9alisation et les deux restants ont \u00e9t\u00e9 raccord\u00e9s au projet Aftout Chargui.<\/p>\n<p>Par ailleurs, le d\u00e9l\u00e9gu\u00e9 g\u00e9n\u00e9ral a \u00e9voqu\u00e9 le projet de construction de puits art\u00e9siens, dont 37 ont \u00e9t\u00e9 achev\u00e9s et 59 autres sont en cours de r\u00e9alisation. Il rel\u00e8ve \u00e9galement le financement de 455 coop\u00e9ratives dans les domaines de l\u2019agriculture, de la p\u00eache continentale et de la p\u00eache maritime. Il a en outre soulign\u00e9 qu\u2019une assistance a \u00e9t\u00e9 apport\u00e9e \u00e0 112 mille familles n\u00e9cessiteuses en p\u00e9riode de s\u00e9cheresse, \u00e0 396 292 familles pour faire face au Covid-19 et \u00e0 4 502 familles touch\u00e9es par les inondations. Il note enfin l\u2019approvisionnement de 1 750 magasins aux quatre coins du pays en denr\u00e9es alimentaires, \u00e0 des prix subventionn\u00e9s.<\/p>\n<p><img decoding=\"async\" class=\"size-medium wp-image-213851 alignleft\" src=\"https:\/\/ami.mr\/fr\/wp-content\/uploads\/2023\/01\/02-01-2023-57-300x259.jpg\" alt=\"\" width=\"300\" height=\"259\" srcset=\"https:\/\/ami.mr\/fr\/wp-content\/uploads\/2023\/01\/02-01-2023-57-300x259.jpg 300w, https:\/\/ami.mr\/fr\/wp-content\/uploads\/2023\/01\/02-01-2023-57.jpg 591w\" sizes=\"(max-width: 300px) 100vw, 300px\" \/>Pour sa part, <span style=\"color: #0000ff;\">la commissaire \u00e0 la s\u00e9curit\u00e9 alimentaire<\/span>, a d\u00e9clar\u00e9 que le programme du Pr\u00e9sident de la R\u00e9publique est un programme social par excellence, qui prend en compte les pr\u00e9occupations des citoyens. Revenant sur la probl\u00e9matique de la s\u00e9curit\u00e9 alimentaire, elle a soulign\u00e9 que c\u2019est devenu une pr\u00e9occupation majeure, qui s\u2019est accentu\u00e9e avec les crises sanitaires et le conflit russo-ukrainien.<\/p>\n<p>La commissaire \u00e0 la s\u00e9curit\u00e9 alimentaire indique que le pays a fait preuve de r\u00e9silience, notamment face \u00e0 la s\u00e9cheresse qui a s\u00e9vi en 2021. Elle a d\u00e9clar\u00e9 que la situation a \u00e9t\u00e9 globalement bien g\u00e9r\u00e9e dans la mesure o\u00f9 il n\u2019y a pas de pertes animales, ni famine ni catastrophe majeure car le gouvernement a \u00e9t\u00e9 pr\u00e9sent aux c\u00f4t\u00e9s des populations. Selon elle, les r\u00e9sultats obtenus ne sont pas le fruit du hasard mais d\u2019efforts consentis pour anticiper les crises. Ainsi, poursuit-elle, le pays a pu s\u2019approvisionner en bl\u00e9 \u00e0 suffisance, alors qu\u2019il \u00e9tait difficile d\u2019obtenir des quantit\u00e9s importantes sur le march\u00e9 international \u00e0 cause de la crise.<\/p>\n<p>D\u2019apr\u00e8s la commissaire, la Mauritanie a \u00e9galement \u00e9t\u00e9 en mesure de surmonter les difficult\u00e9s li\u00e9es \u00e0 la capacit\u00e9 de stockage, les soucis de transport et de distribution. Elle a enfin soulign\u00e9 que face aux diff\u00e9rents d\u00e9fis, le Commissariat a d\u00fb se r\u00e9inventer et a vu ses missions \u00e9voluer.<\/p>\n<p>A noter que tout au long de cette rencontre, plusieurs walis ont intervenu afin de mettre en exergue les r\u00e9alisations \u00e0 vocation sociale au niveau des r\u00e9gions qu\u2019ils dirigent. La conf\u00e9rence-d\u00e9bat s\u2019est d\u00e9roul\u00e9e en pr\u00e9sence de conseillers \u00e0 la Pr\u00e9sidence, \u00e0 la Primature et de sp\u00e9cialistes des questions sociales.<\/p>\n<\/div>\n<\/div>\n<\/div>\n","protected":false},"excerpt":{"rendered":"<p>Une conf\u00e9rence-d\u00e9bat autour du volet social du discours prononc\u00e9 \u00e0 l\u2019occasion du 62e anniversaire de l\u2019ind\u00e9pendance nationale, par le Pr\u00e9sident de la R\u00e9publique, Monsieur Mohamed Ould Cheikh El Ghazouani, a \u00e9t\u00e9 organis\u00e9, dimanche soir, par les m\u00e9dias publics nationaux. La rencontre a vu la participation des ministres de la Sant\u00e9, M. Moktar Ould Dahi, de [&hellip;]<\/p>\n","protected":false},"author":8,"featured_media":213817,"comment_status":"open","ping_status":"open","sticky":false,"template":"","format":"standard","meta":{"footnotes":""},"categories":[63919,63957,63921,63927],"tags":[63990],"class_list":["post-213816","post","type-post","status-publish","format-standard","has-post-thumbnail","hentry","category-choix-du-redacteur","category-fil-dactualite","category-slider-afficher","category-slider-mauritanie","tag-activites-gouvernementales"],"_links":{"self":[{"href":"https:\/\/ami.mr\/fr\/wp-json\/wp\/v2\/posts\/213816","targetHints":{"allow":["GET"]}}],"collection":[{"href":"https:\/\/ami.mr\/fr\/wp-json\/wp\/v2\/posts"}],"about":[{"href":"https:\/\/ami.mr\/fr\/wp-json\/wp\/v2\/types\/post"}],"author":[{"embeddable":true,"href":"https:\/\/ami.mr\/fr\/wp-json\/wp\/v2\/users\/8"}],"replies":[{"embeddable":true,"href":"https:\/\/ami.mr\/fr\/wp-json\/wp\/v2\/comments?post=213816"}],"version-history":[{"count":3,"href":"https:\/\/ami.mr\/fr\/wp-json\/wp\/v2\/posts\/213816\/revisions"}],"predecessor-version":[{"id":213852,"href":"https:\/\/ami.mr\/fr\/wp-json\/wp\/v2\/posts\/213816\/revisions\/213852"}],"wp:featuredmedia":[{"embeddable":true,"href":"https:\/\/ami.mr\/fr\/wp-json\/wp\/v2\/media\/213817"}],"wp:attachment":[{"href":"https:\/\/ami.mr\/fr\/wp-json\/wp\/v2\/media?parent=213816"}],"wp:term":[{"taxonomy":"category","embeddable":true,"href":"https:\/\/ami.mr\/fr\/wp-json\/wp\/v2\/categories?post=213816"},{"taxonomy":"post_tag","embeddable":true,"href":"https:\/\/ami.mr\/fr\/wp-json\/wp\/v2\/tags?post=213816"}],"curies":[{"name":"wp","href":"https:\/\/api.w.org\/{rel}","templated":true}]}}