{"id":213591,"date":"2022-12-28T22:27:13","date_gmt":"2022-12-28T22:27:13","guid":{"rendered":"https:\/\/ami.mr\/fr\/?p=213591"},"modified":"2022-12-29T13:04:19","modified_gmt":"2022-12-29T13:04:19","slug":"le-wali-de-linchiri-senquiert-de-certains-services-regionaux-de-la-wilaya","status":"publish","type":"post","link":"https:\/\/ami.mr\/fr\/archives\/213591","title":{"rendered":"Le wali de l\u2019Inchiri s\u2019enquiert de certains services r\u00e9gionaux de la wilaya"},"content":{"rendered":"<div class=\"row\">\n<div class=\"cell auto-size bd-gray\" dir=\"ltr\"><\/div>\n<\/div>\n<div class=\"row\">\n<div class=\"cell auto-size\">\n<div class=\"set-border bd-gray padding10 margin10 no-margin-right no-margin-left \" dir=\"ltr\">\n<p>Le wali de l\u2019Inchiri M. Idriss Demba Korera, a effectu\u00e9 aujourd&#8217;hui mercredi une visite d&#8217;information \u00e0 certains services r\u00e9gionaux de la wilaya dont l&#8217;Agence nationale pour l&#8217;emploi, la Station r\u00e9gionale de la m\u00e9t\u00e9o et la Station de recherche appliqu\u00e9e contre le fl\u00e9au acridien, o\u00f9 il a re\u00e7u des explications d\u00e9taill\u00e9es sur les prestations assur\u00e9es par ces institutions.<\/p>\n<p>Cette visite vise \u00e0 constater le d\u00e9roulement du travail au niveau de ces diff\u00e9rents services et leur degr\u00e9 d\u2019interaction avec les hautes instructions de Son Excellence le Pr\u00e9sident de la R\u00e9publique, notamment pour ce qui concerne, la proximit\u00e9 de leurs services du citoyen et le respect des horaires de permanence, a affirm\u00e9 le wali \u00e0 l\u2019AMI.<\/p>\n<p>Il a ajout\u00e9 qu\u2019elle permettra \u00e9galement de renforcer la coordination entre ces services et l&#8217;administration afin de travailler dans un esprit d\u2019\u00e9quipe.<\/p>\n<p>Le Hakem adjoint de la moughataa d\u2019Akjoujt, les \u00e9lus locaux et les autorit\u00e9s administratives et s\u00e9curitaires de la wilaya avaient accompagn\u00e9 le wali dans cette visite de reconnaissance.<\/p>\n<\/div>\n<\/div>\n<\/div>\n","protected":false},"excerpt":{"rendered":"<p>Le wali de l\u2019Inchiri M. Idriss Demba Korera, a effectu\u00e9 aujourd&#8217;hui mercredi une visite d&#8217;information \u00e0 certains services r\u00e9gionaux de la wilaya dont l&#8217;Agence nationale pour l&#8217;emploi, la Station r\u00e9gionale de la m\u00e9t\u00e9o et la Station de recherche appliqu\u00e9e contre le fl\u00e9au acridien, o\u00f9 il a re\u00e7u des explications d\u00e9taill\u00e9es sur les prestations assur\u00e9es par [&hellip;]<\/p>\n","protected":false},"author":8,"featured_media":213592,"comment_status":"open","ping_status":"open","sticky":false,"template":"","format":"standard","meta":{"footnotes":""},"categories":[63918,63957,8672],"tags":[],"class_list":["post-213591","post","type-post","status-publish","format-standard","has-post-thumbnail","hentry","category-autres","category-fil-dactualite","category-8672"],"_links":{"self":[{"href":"https:\/\/ami.mr\/fr\/wp-json\/wp\/v2\/posts\/213591","targetHints":{"allow":["GET"]}}],"collection":[{"href":"https:\/\/ami.mr\/fr\/wp-json\/wp\/v2\/posts"}],"about":[{"href":"https:\/\/ami.mr\/fr\/wp-json\/wp\/v2\/types\/post"}],"author":[{"embeddable":true,"href":"https:\/\/ami.mr\/fr\/wp-json\/wp\/v2\/users\/8"}],"replies":[{"embeddable":true,"href":"https:\/\/ami.mr\/fr\/wp-json\/wp\/v2\/comments?post=213591"}],"version-history":[{"count":1,"href":"https:\/\/ami.mr\/fr\/wp-json\/wp\/v2\/posts\/213591\/revisions"}],"predecessor-version":[{"id":213593,"href":"https:\/\/ami.mr\/fr\/wp-json\/wp\/v2\/posts\/213591\/revisions\/213593"}],"wp:featuredmedia":[{"embeddable":true,"href":"https:\/\/ami.mr\/fr\/wp-json\/wp\/v2\/media\/213592"}],"wp:attachment":[{"href":"https:\/\/ami.mr\/fr\/wp-json\/wp\/v2\/media?parent=213591"}],"wp:term":[{"taxonomy":"category","embeddable":true,"href":"https:\/\/ami.mr\/fr\/wp-json\/wp\/v2\/categories?post=213591"},{"taxonomy":"post_tag","embeddable":true,"href":"https:\/\/ami.mr\/fr\/wp-json\/wp\/v2\/tags?post=213591"}],"curies":[{"name":"wp","href":"https:\/\/api.w.org\/{rel}","templated":true}]}}