{"id":213585,"date":"2022-12-28T22:19:54","date_gmt":"2022-12-28T22:19:54","guid":{"rendered":"https:\/\/ami.mr\/fr\/?p=213585"},"modified":"2022-12-29T12:59:57","modified_gmt":"2022-12-29T12:59:57","slug":"lancement-de-la-conference-sur-le-leadership-de-la-femme-pour-la-paix-et-le-developpement-durable-2022","status":"publish","type":"post","link":"https:\/\/ami.mr\/fr\/archives\/213585","title":{"rendered":"Lancement de la conf\u00e9rence sur le leadership de la femme pour la paix et le d\u00e9veloppement durable 2022"},"content":{"rendered":"<div class=\"row\">\n<div class=\"cell auto-size bd-gray\" dir=\"ltr\"><\/div>\n<\/div>\n<div class=\"row\">\n<div class=\"cell auto-size\">\n<div class=\"set-border bd-gray padding10 margin10 no-margin-right no-margin-left \" dir=\"ltr\">\n<p>Une conf\u00e9rence sur le renforcement du leadership de la femme pour la paix et le d\u00e9veloppement durable 2022 a \u00e9t\u00e9 lanc\u00e9e, mercredi, au palais des congr\u00e8s de Nouakchott, sous la supervision de la Premi\u00e8re dame, Dr. Mariam Dah.<\/p>\n<p>Ce forum vise \u00e0 contribuer \u00e0 cr\u00e9er un environnement propice \u00e0 la mise en \u0153uvre des engagements des pays arabes en faveur des femmes, de la paix et de la s\u00e9curit\u00e9, et \u00e0 d\u00e9velopper un cadre de r\u00e9flexion et d&#8217;\u00e9change qui rassemble les gouvernements, les organisations de la soci\u00e9t\u00e9 civile et les acteurs pour suivre et \u00e9valuer l&#8217;\u00e9tendue de la participation des femmes au travail en cours pour la paix dans le monde.<\/p>\n<p>La rencontre, de deux jours, est organis\u00e9e par l\u2019Organisation arabe pour l\u2019\u00c9ducation, la culture et les sciences, et le Centre \u00ab Mouhitt \u00bb pour le d\u00e9veloppement, les questions du genre et de la paix, en collaboration avec les minist\u00e8res de la Culture, de la Jeunesse, des sports et des Relations avec le Parlement, et de l\u2019Action sociale, de l\u2019Enfance et de la famille.<\/p>\n<p>En marge de la c\u00e9r\u00e9monie d\u2019ouverture, un troph\u00e9e \u00e9t\u00e9 remis \u00e0 la Premi\u00e8re Dame en reconnaissance de ses efforts en faveur des questions f\u00e9minines, qui a \u00e9t\u00e9 r\u00e9ceptionn\u00e9, en son nom, par la ministre de l\u2019Action social.<\/p>\n<p>D\u2019autres troph\u00e9es ont \u00e9galement \u00e9t\u00e9 d\u00e9cern\u00e9s \u00e0 l\u2019\u00e9gard de personnalit\u00e9s mauritaniennes f\u00e9minines en reconnaissant de leur leadership remarquable dans les diff\u00e9rents domaines.<\/p>\n<p>Dans son discours d\u2019ouverture, le ministre de la Culture, Mohamed Ould Sweidatt, a t\u00e9moign\u00e9 de la place de choix qu&#8217;occupe la femme mauritanienne dans la conscience collective, \u00e0 travers le r\u00f4le de premier plan qu\u2019elle a jou\u00e9 dans les diff\u00e9rents aspects de la vie.<\/p>\n<p>Il a ajout\u00e9 que le partenariat regroupant le minist\u00e8re de la Culture, l\u2019ALECSO et le Centre Mouhitt pour l\u2019autonomisation de la femme arabe, s\u2019inscrit dans un contexte o\u00f9 la femme mauritanienne se trouve au centre des int\u00e9r\u00eats de la politique g\u00e9n\u00e9rale du gouvernement.<\/p>\n<p>Le ministre a d\u00e9clar\u00e9 qu\u2019il est aujourd&#8217;hui n\u00e9cessaire de mettre en place une d\u00e9claration de coop\u00e9ration entre les gouvernements et les associations de la soci\u00e9t\u00e9 civile pour \u00e9valuer les \u00e9volutions par rapport aux recommandations internationales concernant l\u2019autonomisation et le leadership de la femme, surtout dans la zone arabe.<\/p>\n<p>Lui succ\u00e9dant, la ministre de l\u2019Action sociale, de l\u2019Enfance et de la Famille, Mme Saviya N\u2019tahah, a indiqu\u00e9 que les femmes mauritaniennes constituent environ 52 % de la population totale, soulignant que les questions f\u00e9minines occupent une place pr\u00e9pond\u00e9rante au sein du programme social de Son Excellence le pr\u00e9sident de la R\u00e9publique.<\/p>\n<p>Cet int\u00e9r\u00eat, dit-elle, s&#8217;est manifest\u00e9, \u00e0 travers les politiques et programmes de d\u00e9veloppement qui renforcent les opportunit\u00e9s de participation, les m\u00e9canismes d&#8217;autonomisation, et les disparit\u00e9s d&#8217;injustice.<\/p>\n<p>Pour sa part, le directeur g\u00e9n\u00e9ral de l\u2019Organisation arabe pour l\u2019\u00c9ducation, la Culture et les Sciences, M. Mohamed Ould Amar, a indiqu\u00e9 que ce colloque se veut une plateforme r\u00e9gionale visant \u00e0 discuter des avanc\u00e9es en mati\u00e8re d\u2019autonomisation des femmes et leur contribution \u00e0 la paix et au d\u00e9veloppement, rappelant que les r\u00e9sultats dans ce domaine sont encore modestes, en particulier dans la r\u00e9gion arabe.<\/p>\n<p>Il a ajout\u00e9 qu&#8217;il est devenu n\u00e9cessaire de prendre des mesures sp\u00e9ciales aux niveaux national et r\u00e9gional, afin d&#8217;augmenter le niveau de la participation des femmes dans le domaine des relations internationales pour qu&#8217;elles puissent contribuer aux efforts locaux et internationaux pour assurer la paix mondiale et r\u00e9aliser le progr\u00e8s \u00e9conomique et social escompt\u00e9.<\/p>\n<p>A son tour, la pr\u00e9sidente du Centre Mouhitt pour le d\u00e9veloppement et les questions du genre et de la paix, Mme. Mekfoula Mint Akah, s&#8217;est f\u00e9licit\u00e9e du partenariat avec l&#8217;Organisation arabe pour l&#8217;\u00e9ducation, la culture et les sciences &#8220;ALECSO&#8221; dans l&#8217;organisation de cet \u00e9v\u00e9nement de grande envergure.<\/p>\n<p>Elle a \u00e9galement salu\u00e9 l&#8217;int\u00e9r\u00eat qu\u2019accorde le gouvernement pour ce colloque en mati\u00e8re de prise en charge globale, et de l\u2019accompagnement traduit par la supervision de la Premi\u00e8re dame et la pr\u00e9sence des ministres de la Culture, de l\u2019Action sociale et de l&#8217;Environnement et du D\u00e9veloppement Durable. Un int\u00e9r\u00eat qui d\u00e9note une profonde compr\u00e9hension des exigences du programme social et de d\u00e9veloppement de Son Excellence le Pr\u00e9sident de la R\u00e9publique.<\/p>\n<p>A ce sujet, la ministre des Affaires culturelles tunisiennes, a d\u00e9clar\u00e9 que cette rencontre est opportune pour le renforcement du leadership de la femme arabe.<\/p>\n<p>Elle a pass\u00e9 en revue l\u2019exp\u00e9rience de son pays, la Tunisie dans le domaine de l\u2019autonomisation de la femme et son leadership dans les diff\u00e9rents aspects culturels, \u00e9conomiques, sociaux et politiques du pays.<\/p>\n<p>Par ailleurs, le repr\u00e9sentant du programme des Nations Unies, M. Lacina Konat\u00e9, a indiqu\u00e9 que cette rencontre sur le genre et la paix constitue une opportunit\u00e9 pour le PNUD pour r\u00e9affirmer sa d\u00e9termination \u00e0 \u0153uvrer aux c\u00f4t\u00e9s du gouvernement, des acteurs de la soci\u00e9t\u00e9 civile dans l\u2019objectif de faire des femmes un levier du d\u00e9veloppement socio-\u00e9conomique.<\/p>\n<p>En mati\u00e8re de l\u2019autonomisation de la femme en Mauritanie, Il a ajout\u00e9 que les interventions du PNUD portent principalement sur le leadership de la femme au sujet de sa participation \u00e0 la vie politique et son r\u00f4le dans la paix.<\/p>\n<\/div>\n<\/div>\n<\/div>\n","protected":false},"excerpt":{"rendered":"<p>Une conf\u00e9rence sur le renforcement du leadership de la femme pour la paix et le d\u00e9veloppement durable 2022 a \u00e9t\u00e9 lanc\u00e9e, mercredi, au palais des congr\u00e8s de Nouakchott, sous la supervision de la Premi\u00e8re dame, Dr. Mariam Dah. Ce forum vise \u00e0 contribuer \u00e0 cr\u00e9er un environnement propice \u00e0 la mise en \u0153uvre des engagements [&hellip;]<\/p>\n","protected":false},"author":8,"featured_media":213586,"comment_status":"open","ping_status":"open","sticky":false,"template":"","format":"standard","meta":{"footnotes":""},"categories":[63920,63919,104,63957,63924],"tags":[],"class_list":["post-213585","post","type-post","status-publish","format-standard","has-post-thumbnail","hentry","category-a-la-une","category-choix-du-redacteur","category-104","category-fil-dactualite","category-slider-culture"],"_links":{"self":[{"href":"https:\/\/ami.mr\/fr\/wp-json\/wp\/v2\/posts\/213585","targetHints":{"allow":["GET"]}}],"collection":[{"href":"https:\/\/ami.mr\/fr\/wp-json\/wp\/v2\/posts"}],"about":[{"href":"https:\/\/ami.mr\/fr\/wp-json\/wp\/v2\/types\/post"}],"author":[{"embeddable":true,"href":"https:\/\/ami.mr\/fr\/wp-json\/wp\/v2\/users\/8"}],"replies":[{"embeddable":true,"href":"https:\/\/ami.mr\/fr\/wp-json\/wp\/v2\/comments?post=213585"}],"version-history":[{"count":1,"href":"https:\/\/ami.mr\/fr\/wp-json\/wp\/v2\/posts\/213585\/revisions"}],"predecessor-version":[{"id":213587,"href":"https:\/\/ami.mr\/fr\/wp-json\/wp\/v2\/posts\/213585\/revisions\/213587"}],"wp:featuredmedia":[{"embeddable":true,"href":"https:\/\/ami.mr\/fr\/wp-json\/wp\/v2\/media\/213586"}],"wp:attachment":[{"href":"https:\/\/ami.mr\/fr\/wp-json\/wp\/v2\/media?parent=213585"}],"wp:term":[{"taxonomy":"category","embeddable":true,"href":"https:\/\/ami.mr\/fr\/wp-json\/wp\/v2\/categories?post=213585"},{"taxonomy":"post_tag","embeddable":true,"href":"https:\/\/ami.mr\/fr\/wp-json\/wp\/v2\/tags?post=213585"}],"curies":[{"name":"wp","href":"https:\/\/api.w.org\/{rel}","templated":true}]}}