{"id":213494,"date":"2022-12-27T18:29:41","date_gmt":"2022-12-27T18:29:41","guid":{"rendered":"https:\/\/ami.mr\/fr\/?p=213494"},"modified":"2022-12-28T12:38:58","modified_gmt":"2022-12-28T12:38:58","slug":"le-ministre-de-la-culture-decore-des-responsables-de-son-departement","status":"publish","type":"post","link":"https:\/\/ami.mr\/fr\/archives\/213494","title":{"rendered":"Le ministre de la Culture d\u00e9core des responsables de son d\u00e9partement"},"content":{"rendered":"<div class=\"row\"><\/div>\n<div class=\"row\">\n<div class=\"cell auto-size\">\n<div class=\"set-border bd-gray padding10 margin10 no-margin-right no-margin-left \" dir=\"ltr\">\n<p>Le ministre de la Culture, de la Jeunesse et des Sports, M. Mohamed Ould Soueidatt, a d\u00e9cor\u00e9, mardi \u00e0 Nouakchott, les personnalit\u00e9s suivantes :<\/p>\n<p>Le directeur g\u00e9n\u00e9ral de Radio Mauritanie, M. Mohamed Cheikh Ould Sidi Mohamed, de la m\u00e9daille d\u2019Officier de l\u2019Ordre du M\u00e9rite national ;<\/p>\n<p>Le directeur g\u00e9n\u00e9ral de l\u2019Agence Mauritanienne d\u2019Information, M. Mohamed Fall Oumer Beye, de la m\u00e9daille d\u2019Officier de l\u2019Ordre du M\u00e9rite national,<\/p>\n<p>Le directeur g\u00e9n\u00e9ral de la T\u00e9l\u00e9vision de Mauritanie, M. Mohamed Mahmoud Ebou El Maali, de la m\u00e9daille de Chevalier de l\u2019Ordre du M\u00e9rite national ;<\/p>\n<p>Le directeur de la promotion de la communication audiovisuelle au minist\u00e8re, M. Cheikh Tijani Baba Jiddou, de la m\u00e9daille de Chevalier de l\u2019Ordre du M\u00e9rite national ;<\/p>\n<p>Le directeur technique de la T\u00e9l\u00e9vision de Mauritanie, M. Hachem El Arbi Cherif, de la m\u00e9daille d\u2019honneur de premi\u00e8re classe de l\u2019ordre du m\u00e9rite national ;<\/p>\n<p>La directrice commerciale de l\u2019Imprimerie nationale, Mme Fatimetou Rachid Saleh, de la m\u00e9daille d\u2019honneur de premi\u00e8re classe de l\u2019ordre du m\u00e9rite national ;<\/p>\n<p>M. Taleb Ahmed Sid\u2019Ahmed Touerjenna, chef de service \u00e0 l\u2019Institut de Recherche et de Formation dans le domaine de la culture, de la m\u00e9daille d\u2019honneur de deuxi\u00e8me classe ;<\/p>\n<p>M. Mamadou Mamadou Nian, chef de service \u00e0 la direction administrative au minist\u00e8re, de la m\u00e9daille d\u2019honneur de deuxi\u00e8me classe de l\u2019ordre du m\u00e9rite national.<\/p>\n<p>Cette c\u00e9r\u00e9monie de d\u00e9coration, en reconnaissance des efforts consentis par ces personnalit\u00e9s tout au long de leur carri\u00e8re professionnelle, s\u2019inscrit dans le cadre des festivit\u00e9s comm\u00e9morant le 62\u00e8me anniversaire de l\u2019ind\u00e9pendance nationale.<\/p>\n<\/div>\n<\/div>\n<\/div>\n","protected":false},"excerpt":{"rendered":"<p>Le ministre de la Culture, de la Jeunesse et des Sports, M. Mohamed Ould Soueidatt, a d\u00e9cor\u00e9, mardi \u00e0 Nouakchott, les personnalit\u00e9s suivantes : Le directeur g\u00e9n\u00e9ral de Radio Mauritanie, M. Mohamed Cheikh Ould Sidi Mohamed, de la m\u00e9daille d\u2019Officier de l\u2019Ordre du M\u00e9rite national ; Le directeur g\u00e9n\u00e9ral de l\u2019Agence Mauritanienne d\u2019Information, M. Mohamed [&hellip;]<\/p>\n","protected":false},"author":8,"featured_media":213495,"comment_status":"open","ping_status":"open","sticky":false,"template":"","format":"standard","meta":{"footnotes":""},"categories":[63920,63919,63957,63927],"tags":[63990],"class_list":["post-213494","post","type-post","status-publish","format-standard","has-post-thumbnail","hentry","category-a-la-une","category-choix-du-redacteur","category-fil-dactualite","category-slider-mauritanie","tag-activites-gouvernementales"],"_links":{"self":[{"href":"https:\/\/ami.mr\/fr\/wp-json\/wp\/v2\/posts\/213494","targetHints":{"allow":["GET"]}}],"collection":[{"href":"https:\/\/ami.mr\/fr\/wp-json\/wp\/v2\/posts"}],"about":[{"href":"https:\/\/ami.mr\/fr\/wp-json\/wp\/v2\/types\/post"}],"author":[{"embeddable":true,"href":"https:\/\/ami.mr\/fr\/wp-json\/wp\/v2\/users\/8"}],"replies":[{"embeddable":true,"href":"https:\/\/ami.mr\/fr\/wp-json\/wp\/v2\/comments?post=213494"}],"version-history":[{"count":3,"href":"https:\/\/ami.mr\/fr\/wp-json\/wp\/v2\/posts\/213494\/revisions"}],"predecessor-version":[{"id":213527,"href":"https:\/\/ami.mr\/fr\/wp-json\/wp\/v2\/posts\/213494\/revisions\/213527"}],"wp:featuredmedia":[{"embeddable":true,"href":"https:\/\/ami.mr\/fr\/wp-json\/wp\/v2\/media\/213495"}],"wp:attachment":[{"href":"https:\/\/ami.mr\/fr\/wp-json\/wp\/v2\/media?parent=213494"}],"wp:term":[{"taxonomy":"category","embeddable":true,"href":"https:\/\/ami.mr\/fr\/wp-json\/wp\/v2\/categories?post=213494"},{"taxonomy":"post_tag","embeddable":true,"href":"https:\/\/ami.mr\/fr\/wp-json\/wp\/v2\/tags?post=213494"}],"curies":[{"name":"wp","href":"https:\/\/api.w.org\/{rel}","templated":true}]}}