{"id":213460,"date":"2022-12-27T10:14:54","date_gmt":"2022-12-27T10:14:54","guid":{"rendered":"https:\/\/ami.mr\/fr\/?p=213460"},"modified":"2022-12-27T12:47:34","modified_gmt":"2022-12-27T12:47:34","slug":"le-premier-ministre-decore-des-fonctionnaires-a-la-primature","status":"publish","type":"post","link":"https:\/\/ami.mr\/fr\/archives\/213460","title":{"rendered":"Le Premier ministre d\u00e9core des fonctionnaires \u00e0 la Primature"},"content":{"rendered":"<p>Le Premier ministre, M. Mohamed Ould Bilal Messaoud, a d\u00e9cor\u00e9, mardi \u00e0 la primature \u00e0 Nouakchott, des responsables de la Primature, \u00e0 l\u2019occasion de la comm\u00e9moration du 62eme anniversaire de l\u2019ind\u00e9pendance nationale, en guise de reconnaissance et de r\u00e9compense pour les efforts accomplis au service de la patrie et l\u2019esprit de responsabilit\u00e9 et de professionnalisme dont ils ont fait preuve dans l\u2019exercice de leurs fonctions.<\/p>\n<p>C&#8217;est ainsi qu&#8217;il a \u00e9t\u00e9 d\u00e9cor\u00e9 de la <span style=\"color: #0000ff;\">m\u00e9daille de chevalier de l\u2019ordre du m\u00e9rite national<\/span> MM:<\/p>\n<p><img decoding=\"async\" class=\"size-medium wp-image-213472 alignleft\" src=\"https:\/\/ami.mr\/fr\/wp-content\/uploads\/2022\/12\/AI8A1093-1-300x200.jpg\" alt=\"\" width=\"300\" height=\"200\" srcset=\"https:\/\/ami.mr\/fr\/wp-content\/uploads\/2022\/12\/AI8A1093-1-300x200.jpg 300w, https:\/\/ami.mr\/fr\/wp-content\/uploads\/2022\/12\/AI8A1093-1-1024x683.jpg 1024w, https:\/\/ami.mr\/fr\/wp-content\/uploads\/2022\/12\/AI8A1093-1-768x512.jpg 768w, https:\/\/ami.mr\/fr\/wp-content\/uploads\/2022\/12\/AI8A1093-1-1536x1024.jpg 1536w, https:\/\/ami.mr\/fr\/wp-content\/uploads\/2022\/12\/AI8A1093-1-2048x1365.jpg 2048w\" sizes=\"(max-width: 300px) 100vw, 300px\" \/><\/p>\n<p>&#8211; BrahimaYahya Kane, Conseiller \u00e0 la primature<\/p>\n<p>&#8211; Mohamed Lemine Ould Mohamed Abdel Kader Hamady, conseiller \u00e0 la primature<\/p>\n<p>De la <span style=\"color: #0000ff;\">m\u00e9daille de reconnaissance nationale<\/span><\/p>\n<p>M. Moulay Ahmed Abdel Jelil Khouna, Attach\u00e9 au cabinet du Premier ministre<\/p>\n<p>De la <span style=\"color: #0000ff;\">m\u00e9daille d&#8217;honneur 3\u00e8me classe<\/span><\/p>\n<p><img decoding=\"async\" class=\"size-medium wp-image-213470 alignright\" src=\"https:\/\/ami.mr\/fr\/wp-content\/uploads\/2022\/12\/AI8A1096-300x200.jpg\" alt=\"\" width=\"300\" height=\"200\" srcset=\"https:\/\/ami.mr\/fr\/wp-content\/uploads\/2022\/12\/AI8A1096-300x200.jpg 300w, https:\/\/ami.mr\/fr\/wp-content\/uploads\/2022\/12\/AI8A1096-1024x683.jpg 1024w, https:\/\/ami.mr\/fr\/wp-content\/uploads\/2022\/12\/AI8A1096-768x512.jpg 768w, https:\/\/ami.mr\/fr\/wp-content\/uploads\/2022\/12\/AI8A1096-1536x1024.jpg 1536w, https:\/\/ami.mr\/fr\/wp-content\/uploads\/2022\/12\/AI8A1096-2048x1365.jpg 2048w\" sizes=\"(max-width: 300px) 100vw, 300px\" \/><\/p>\n<p>Mohamed El Moustapha Mohamed Ali Dailale, Chauffeur au cabinet du Premier ministre<\/p>\n<p>La c\u00e9r\u00e9monie de d\u00e9coration s&#8217;est d\u00e9roul\u00e9e en pr\u00e9sence de la directrice de cabinet du premier ministre, Mme A\u00efcha Vall Verg\u00e8s et des charg\u00e9s de mission et conseillers \u00e0 la primature.<\/p>\n","protected":false},"excerpt":{"rendered":"<p>Le Premier ministre, M. Mohamed Ould Bilal Messaoud, a d\u00e9cor\u00e9, mardi \u00e0 la primature \u00e0 Nouakchott, des responsables de la Primature, \u00e0 l\u2019occasion de la comm\u00e9moration du 62eme anniversaire de l\u2019ind\u00e9pendance nationale, en guise de reconnaissance et de r\u00e9compense pour les efforts accomplis au service de la patrie et l\u2019esprit de responsabilit\u00e9 et de professionnalisme [&hellip;]<\/p>\n","protected":false},"author":10,"featured_media":213461,"comment_status":"open","ping_status":"open","sticky":false,"template":"","format":"standard","meta":{"footnotes":""},"categories":[63919,63957,63921,63927],"tags":[63990],"class_list":["post-213460","post","type-post","status-publish","format-standard","has-post-thumbnail","hentry","category-choix-du-redacteur","category-fil-dactualite","category-slider-afficher","category-slider-mauritanie","tag-activites-gouvernementales"],"_links":{"self":[{"href":"https:\/\/ami.mr\/fr\/wp-json\/wp\/v2\/posts\/213460","targetHints":{"allow":["GET"]}}],"collection":[{"href":"https:\/\/ami.mr\/fr\/wp-json\/wp\/v2\/posts"}],"about":[{"href":"https:\/\/ami.mr\/fr\/wp-json\/wp\/v2\/types\/post"}],"author":[{"embeddable":true,"href":"https:\/\/ami.mr\/fr\/wp-json\/wp\/v2\/users\/10"}],"replies":[{"embeddable":true,"href":"https:\/\/ami.mr\/fr\/wp-json\/wp\/v2\/comments?post=213460"}],"version-history":[{"count":7,"href":"https:\/\/ami.mr\/fr\/wp-json\/wp\/v2\/posts\/213460\/revisions"}],"predecessor-version":[{"id":213476,"href":"https:\/\/ami.mr\/fr\/wp-json\/wp\/v2\/posts\/213460\/revisions\/213476"}],"wp:featuredmedia":[{"embeddable":true,"href":"https:\/\/ami.mr\/fr\/wp-json\/wp\/v2\/media\/213461"}],"wp:attachment":[{"href":"https:\/\/ami.mr\/fr\/wp-json\/wp\/v2\/media?parent=213460"}],"wp:term":[{"taxonomy":"category","embeddable":true,"href":"https:\/\/ami.mr\/fr\/wp-json\/wp\/v2\/categories?post=213460"},{"taxonomy":"post_tag","embeddable":true,"href":"https:\/\/ami.mr\/fr\/wp-json\/wp\/v2\/tags?post=213460"}],"curies":[{"name":"wp","href":"https:\/\/api.w.org\/{rel}","templated":true}]}}