{"id":213191,"date":"2022-12-23T10:04:49","date_gmt":"2022-12-23T10:04:49","guid":{"rendered":"https:\/\/ami.mr\/fr\/?p=213191"},"modified":"2022-12-23T12:35:38","modified_gmt":"2022-12-23T12:35:38","slug":"le-commissaire-aux-droits-de-lhomme-assiste-rabat-a-la-ceremonie-de-remise-du-prix-de-la-societe-civile","status":"publish","type":"post","link":"https:\/\/ami.mr\/fr\/archives\/213191","title":{"rendered":"Le commissaire aux droits de l&#8217;Homme assiste Rabat \u00e0 la c\u00e9r\u00e9monie de remise du prix de la soci\u00e9t\u00e9 civile"},"content":{"rendered":"<p>Le commissaire aux droits de l&#8217;Homme, \u00e0 l&#8217;Action humanitaire et aux Relations avec la Soci\u00e9t\u00e9 civile, M. Cheikh Ahmedou Ould Ahmed Salem Ould Sidi a assist\u00e9, hier jeudi \u00e0 Rabat (Maroc), \u00e0 la c\u00e9r\u00e9monie de remise du prix de la soci\u00e9t\u00e9 civile.<\/p>\n<p>Invit\u00e9 d&#8217;honneur par le ministre d\u00e9l\u00e9gu\u00e9 marocain aupr\u00e8s du chef du gouvernement charg\u00e9 des relations avec le parlement, porte-parole du gouvernement, M. Mustapha Baitas, le commissaire a salu\u00e9, dans un discours, les relations entre la Mauritanie et le Royaume du Maroc dans le domaine de la soci\u00e9t\u00e9 civile ainsi que la coop\u00e9ration entre le minist\u00e8re d\u00e9l\u00e9gu\u00e9 aupr\u00e8s du chef du gouvernement charg\u00e9 des relations avec le parlement et commissariat aux droits de l&#8217;Homme, \u00e0 l&#8217;Action humanitaire et aux Relations avec la Soci\u00e9t\u00e9 civile dans ce domaine.<\/p>\n<p>M. Cheikh Ahmedou Ould Ahmed Salem Ould Sidi a affirm\u00e9 que son d\u00e9partement entend acc\u00e9l\u00e9rer le rythme de la coop\u00e9ration entre les deux parties dans l&#8217;avenir dans le but de cr\u00e9er un cadre institutionnel qui consolide la coop\u00e9ration bilat\u00e9rale commune dans le domaine de la soci\u00e9t\u00e9 civile, conform\u00e9ment au contenu et aux priorit\u00e9s d\u2019un m\u00e9morandum dont il esp\u00e8re la signature et l&#8217;entr\u00e9e en vigueur ans un proche avenir, conform\u00e9ment \u00e0 la vision des gouvernements des deux pays, vision fond\u00e9e sur une coop\u00e9ration permanente dans l\u2019int\u00e9r\u00eat des deux peuples fr\u00e8res.<\/p>\n","protected":false},"excerpt":{"rendered":"<p>Le commissaire aux droits de l&#8217;Homme, \u00e0 l&#8217;Action humanitaire et aux Relations avec la Soci\u00e9t\u00e9 civile, M. Cheikh Ahmedou Ould Ahmed Salem Ould Sidi a assist\u00e9, hier jeudi \u00e0 Rabat (Maroc), \u00e0 la c\u00e9r\u00e9monie de remise du prix de la soci\u00e9t\u00e9 civile. Invit\u00e9 d&#8217;honneur par le ministre d\u00e9l\u00e9gu\u00e9 marocain aupr\u00e8s du chef du gouvernement charg\u00e9 [&hellip;]<\/p>\n","protected":false},"author":10,"featured_media":213192,"comment_status":"open","ping_status":"open","sticky":false,"template":"","format":"standard","meta":{"footnotes":""},"categories":[63920,63919,63957,25,63926],"tags":[],"class_list":["post-213191","post","type-post","status-publish","format-standard","has-post-thumbnail","hentry","category-a-la-une","category-choix-du-redacteur","category-fil-dactualite","category-25","category-slider-general"],"_links":{"self":[{"href":"https:\/\/ami.mr\/fr\/wp-json\/wp\/v2\/posts\/213191","targetHints":{"allow":["GET"]}}],"collection":[{"href":"https:\/\/ami.mr\/fr\/wp-json\/wp\/v2\/posts"}],"about":[{"href":"https:\/\/ami.mr\/fr\/wp-json\/wp\/v2\/types\/post"}],"author":[{"embeddable":true,"href":"https:\/\/ami.mr\/fr\/wp-json\/wp\/v2\/users\/10"}],"replies":[{"embeddable":true,"href":"https:\/\/ami.mr\/fr\/wp-json\/wp\/v2\/comments?post=213191"}],"version-history":[{"count":1,"href":"https:\/\/ami.mr\/fr\/wp-json\/wp\/v2\/posts\/213191\/revisions"}],"predecessor-version":[{"id":213193,"href":"https:\/\/ami.mr\/fr\/wp-json\/wp\/v2\/posts\/213191\/revisions\/213193"}],"wp:featuredmedia":[{"embeddable":true,"href":"https:\/\/ami.mr\/fr\/wp-json\/wp\/v2\/media\/213192"}],"wp:attachment":[{"href":"https:\/\/ami.mr\/fr\/wp-json\/wp\/v2\/media?parent=213191"}],"wp:term":[{"taxonomy":"category","embeddable":true,"href":"https:\/\/ami.mr\/fr\/wp-json\/wp\/v2\/categories?post=213191"},{"taxonomy":"post_tag","embeddable":true,"href":"https:\/\/ami.mr\/fr\/wp-json\/wp\/v2\/tags?post=213191"}],"curies":[{"name":"wp","href":"https:\/\/api.w.org\/{rel}","templated":true}]}}