{"id":213166,"date":"2022-12-22T19:52:40","date_gmt":"2022-12-22T19:52:40","guid":{"rendered":"https:\/\/ami.mr\/fr\/?p=213166"},"modified":"2022-12-23T12:44:04","modified_gmt":"2022-12-23T12:44:04","slug":"le-commissaire-aux-droits-de-lhomme-sentretient-avec-le-ministre-delegue-charge-des-relations-avec-le-parlement","status":"publish","type":"post","link":"https:\/\/ami.mr\/fr\/archives\/213166","title":{"rendered":"Le commissaire aux droits de l&#8217;homme s&#8217;entretient avec le ministre d\u00e9l\u00e9gu\u00e9 charg\u00e9 des relations avec le Parlement,"},"content":{"rendered":"<p>Le Commissaire aux Droits de l&#8217;Homme, \u00e0 l&#8217;Action Humanitaire et aux Relations avec la Soci\u00e9t\u00e9 Civile, M. Cheikh Ahmedou Ould Ahmed Salem Ould Sidi a eu jeudi \u00e0 Rabat, un entretien avec le ministre d\u00e9l\u00e9gu\u00e9 aupr\u00e8s du Chef du Gouvernement, charg\u00e9 des relations avec le Parlement, porte-parole officiel du gouvernement marocain, M. Moustapha Baitas.<\/p>\n<p>La r\u00e9union a port\u00e9 sur les efforts des deux parties dans le domaine de la promotion de la soci\u00e9t\u00e9 civile et l&#8217;\u00e9laboration d&#8217;un plan d&#8217;action qui serait un d\u00e9but efficace pour une nouvelle phase de coop\u00e9ration dans le domaine de la promotion de la soci\u00e9t\u00e9 civile.<\/p>\n<p>La rencontre s&#8217;est d\u00e9roul\u00e9e en pr\u00e9sence de M. Isselmou Ould Alioune, directeur des relations avec la soci\u00e9t\u00e9 civile au Commissariat.<\/p>\n","protected":false},"excerpt":{"rendered":"<p>Le Commissaire aux Droits de l&#8217;Homme, \u00e0 l&#8217;Action Humanitaire et aux Relations avec la Soci\u00e9t\u00e9 Civile, M. Cheikh Ahmedou Ould Ahmed Salem Ould Sidi a eu jeudi \u00e0 Rabat, un entretien avec le ministre d\u00e9l\u00e9gu\u00e9 aupr\u00e8s du Chef du Gouvernement, charg\u00e9 des relations avec le Parlement, porte-parole officiel du gouvernement marocain, M. Moustapha Baitas. La [&hellip;]<\/p>\n","protected":false},"author":2,"featured_media":213167,"comment_status":"open","ping_status":"open","sticky":false,"template":"","format":"standard","meta":{"footnotes":""},"categories":[63918,63957,25],"tags":[],"class_list":["post-213166","post","type-post","status-publish","format-standard","has-post-thumbnail","hentry","category-autres","category-fil-dactualite","category-25"],"_links":{"self":[{"href":"https:\/\/ami.mr\/fr\/wp-json\/wp\/v2\/posts\/213166","targetHints":{"allow":["GET"]}}],"collection":[{"href":"https:\/\/ami.mr\/fr\/wp-json\/wp\/v2\/posts"}],"about":[{"href":"https:\/\/ami.mr\/fr\/wp-json\/wp\/v2\/types\/post"}],"author":[{"embeddable":true,"href":"https:\/\/ami.mr\/fr\/wp-json\/wp\/v2\/users\/2"}],"replies":[{"embeddable":true,"href":"https:\/\/ami.mr\/fr\/wp-json\/wp\/v2\/comments?post=213166"}],"version-history":[{"count":1,"href":"https:\/\/ami.mr\/fr\/wp-json\/wp\/v2\/posts\/213166\/revisions"}],"predecessor-version":[{"id":213168,"href":"https:\/\/ami.mr\/fr\/wp-json\/wp\/v2\/posts\/213166\/revisions\/213168"}],"wp:featuredmedia":[{"embeddable":true,"href":"https:\/\/ami.mr\/fr\/wp-json\/wp\/v2\/media\/213167"}],"wp:attachment":[{"href":"https:\/\/ami.mr\/fr\/wp-json\/wp\/v2\/media?parent=213166"}],"wp:term":[{"taxonomy":"category","embeddable":true,"href":"https:\/\/ami.mr\/fr\/wp-json\/wp\/v2\/categories?post=213166"},{"taxonomy":"post_tag","embeddable":true,"href":"https:\/\/ami.mr\/fr\/wp-json\/wp\/v2\/tags?post=213166"}],"curies":[{"name":"wp","href":"https:\/\/api.w.org\/{rel}","templated":true}]}}