{"id":213036,"date":"2022-12-21T13:10:58","date_gmt":"2022-12-21T13:10:58","guid":{"rendered":"https:\/\/ami.mr\/fr\/?p=213036"},"modified":"2022-12-23T12:24:20","modified_gmt":"2022-12-23T12:24:20","slug":"organisation-a-aioun-dun-colloque-sur-la-justice-sociale-et-les-valeurs-republicaines","status":"publish","type":"post","link":"https:\/\/ami.mr\/fr\/archives\/213036","title":{"rendered":"Organisation \u00e0 A\u00efoun d&#8217;un colloque sur la justice sociale et les valeurs r\u00e9publicaines"},"content":{"rendered":"<p>L\u2019Universit\u00e9 des sciences islamiques d&#8217;A\u00efoun a organis\u00e9, hier mardi \u00e0 A\u00efoun, un colloque sous le th\u00e8me : &#8220;Justice sociale et valeurs r\u00e9publicaines. Une lecture du projet de r\u00e9forme du Pr\u00e9sident de la R\u00e9publique&#8221;.<\/p>\n<p>Le colloqu\u00e9, pr\u00e9sid\u00e9 par le wali du Hodh El Gharbi, M. Ahmeda Mamadou Kelly va d\u00e9velopper des sujets portant sur les objectifs de la cr\u00e9ation de l\u2019\u00c9cole r\u00e9publicaine, une lecture du discours du Pr\u00e9sident de la R\u00e9publique \u00e0 Ouadane, les valeurs de la R\u00e9publique face aux discours de l\u2019extr\u00e9misme, en plus des r\u00e9alisations, en particulier dans le domaine de la justice sociale et des valeurs r\u00e9publicaines d\u2019un point de vue juridique.<\/p>\n<p>Dans son intervention, le wali a d\u00e9clar\u00e9 que le d\u00e9veloppement de la Mauritanie d\u00e9pend de la conjugaison des efforts de tous conform\u00e9ment \u00e0 la vision du Pr\u00e9sident de la R\u00e9publique, Son Excellence Monsieur Mohamed Ould Cheikh El Ghazouani.<\/p>\n<p>Il a ajout\u00e9 que le colloque va \u00e9clairer, \u00e0 travers des rencontres scientifiques et acad\u00e9miques pr\u00e9sent\u00e9es par des chercheurs sp\u00e9cialis\u00e9es de l&#8217;universit\u00e9 ou d&#8217;ailleurs, la port\u00e9e de la justice sociale et des valeurs r\u00e9publicaines.<\/p>\n<p>De son c\u00f4t\u00e9, le recteur de l&#8217;universit\u00e9, M. Mohamedou Lemrabott Jiyid a affirm\u00e9 que l&#8217;organisation du colloque s&#8217;inscrit dans le cadre de la valorisation des r\u00e9alisations dans le pays et l&#8217;ancrage de la justice sociale et des valeurs r\u00e9publicaines avant de louer l&#8217;importance qu&#8217;accorde les autorit\u00e9s publiques \u00e0 l&#8217;universit\u00e9 pour lui permettre de mener \u00e0 bien sa mission.<\/p>\n<p>La c\u00e9r\u00e9monie d&#8217;ouverture de la rencontre s&#8217;est d\u00e9roul\u00e9e en pr\u00e9sence du pr\u00e9sident de la r\u00e9gion du Hodh El Gharbi, du hakem de la moughataa d&#8217;A\u00efoun et du maire de commune d&#8217;A\u00efoun<\/p>\n","protected":false},"excerpt":{"rendered":"<p>L\u2019Universit\u00e9 des sciences islamiques d&#8217;A\u00efoun a organis\u00e9, hier mardi \u00e0 A\u00efoun, un colloque sous le th\u00e8me : &#8220;Justice sociale et valeurs r\u00e9publicaines. Une lecture du projet de r\u00e9forme du Pr\u00e9sident de la R\u00e9publique&#8221;. Le colloqu\u00e9, pr\u00e9sid\u00e9 par le wali du Hodh El Gharbi, M. Ahmeda Mamadou Kelly va d\u00e9velopper des sujets portant sur les objectifs [&hellip;]<\/p>\n","protected":false},"author":2,"featured_media":213037,"comment_status":"open","ping_status":"open","sticky":false,"template":"","format":"standard","meta":{"footnotes":""},"categories":[63918,63957,8672],"tags":[],"class_list":["post-213036","post","type-post","status-publish","format-standard","has-post-thumbnail","hentry","category-autres","category-fil-dactualite","category-8672"],"_links":{"self":[{"href":"https:\/\/ami.mr\/fr\/wp-json\/wp\/v2\/posts\/213036","targetHints":{"allow":["GET"]}}],"collection":[{"href":"https:\/\/ami.mr\/fr\/wp-json\/wp\/v2\/posts"}],"about":[{"href":"https:\/\/ami.mr\/fr\/wp-json\/wp\/v2\/types\/post"}],"author":[{"embeddable":true,"href":"https:\/\/ami.mr\/fr\/wp-json\/wp\/v2\/users\/2"}],"replies":[{"embeddable":true,"href":"https:\/\/ami.mr\/fr\/wp-json\/wp\/v2\/comments?post=213036"}],"version-history":[{"count":1,"href":"https:\/\/ami.mr\/fr\/wp-json\/wp\/v2\/posts\/213036\/revisions"}],"predecessor-version":[{"id":213038,"href":"https:\/\/ami.mr\/fr\/wp-json\/wp\/v2\/posts\/213036\/revisions\/213038"}],"wp:featuredmedia":[{"embeddable":true,"href":"https:\/\/ami.mr\/fr\/wp-json\/wp\/v2\/media\/213037"}],"wp:attachment":[{"href":"https:\/\/ami.mr\/fr\/wp-json\/wp\/v2\/media?parent=213036"}],"wp:term":[{"taxonomy":"category","embeddable":true,"href":"https:\/\/ami.mr\/fr\/wp-json\/wp\/v2\/categories?post=213036"},{"taxonomy":"post_tag","embeddable":true,"href":"https:\/\/ami.mr\/fr\/wp-json\/wp\/v2\/tags?post=213036"}],"curies":[{"name":"wp","href":"https:\/\/api.w.org\/{rel}","templated":true}]}}