{"id":212981,"date":"2022-12-20T20:04:54","date_gmt":"2022-12-20T20:04:54","guid":{"rendered":"https:\/\/ami.mr\/fr\/?p=212981"},"modified":"2022-12-21T15:09:16","modified_gmt":"2022-12-21T15:09:16","slug":"ministre-de-la-culture-recoit-lambassadeur-chef-de-la-delegation-de-lue","status":"publish","type":"post","link":"https:\/\/ami.mr\/fr\/archives\/212981","title":{"rendered":"ministre de la culture, re\u00e7oit l&#8217;ambassadeur, chef de la D\u00e9l\u00e9gation de l&#8217;UE"},"content":{"rendered":"<p>Le ministre de la Culture, de la Jeunesse, des Sports et des Relations avec le Parlement, M. Mohamed Ould Soueidatt a re\u00e7u en audience mardi, dans son bureau \u00e0 Nouakchott, l&#8217;ambassadeur, Chef de la D\u00e9l\u00e9gation de l&#8217;Union Europ\u00e9enne en Mauritanie M. : Guillem Jones. L&#8217;entretien a port\u00e9 sur les relations de coop\u00e9ration dans divers domaines entre la Mauritanie et l&#8217;Union europ\u00e9enne et les moyens de les renforcer et de les d\u00e9velopper, notamment dans les secteurs d\u2019intervention du d\u00e9partement de la culture, de la jeunesse et des sports.<\/p>\n<p>Au cours de l\u2019entrevue, le ministre a fait une pr\u00e9sentation sur la vision du minist\u00e8re dans le domaine de la culture, de la jeunesse et des sports, et sur les projets du secteur.<\/p>\n<p>Il a \u00e9chang\u00e9 avec les responsables de la d\u00e9l\u00e9gation de l&#8217;Union europ\u00e9enne au sujet de la n\u00e9cessit\u00e9 d&#8217;acc\u00e9l\u00e9rer et de renforcer un m\u00e9canisme \u00e0 la mesure du volume de la coop\u00e9ration et des projets les plus importants li\u00e9s \u00e0 la coop\u00e9ration.<\/p>\n<p>La rencontre s&#8217;est d\u00e9roul\u00e9e en pr\u00e9sence de la secr\u00e9taire g\u00e9n\u00e9rale du minist\u00e8re, Mme M&#8217;Aiziza Kerballi, du charg\u00e9 de mission, Mohamed Salem Ould Boukhreiss, et du directeur de la coop\u00e9ration et des relations ext\u00e9rieures, M. Hadmaloum Ould Baba.<\/p>\n","protected":false},"excerpt":{"rendered":"<p>Le ministre de la Culture, de la Jeunesse, des Sports et des Relations avec le Parlement, M. Mohamed Ould Soueidatt a re\u00e7u en audience mardi, dans son bureau \u00e0 Nouakchott, l&#8217;ambassadeur, Chef de la D\u00e9l\u00e9gation de l&#8217;Union Europ\u00e9enne en Mauritanie M. : Guillem Jones. L&#8217;entretien a port\u00e9 sur les relations de coop\u00e9ration dans divers domaines [&hellip;]<\/p>\n","protected":false},"author":13,"featured_media":212982,"comment_status":"open","ping_status":"open","sticky":false,"template":"","format":"standard","meta":{"footnotes":""},"categories":[63918,63957],"tags":[63990],"class_list":["post-212981","post","type-post","status-publish","format-standard","has-post-thumbnail","hentry","category-autres","category-fil-dactualite","tag-activites-gouvernementales"],"_links":{"self":[{"href":"https:\/\/ami.mr\/fr\/wp-json\/wp\/v2\/posts\/212981","targetHints":{"allow":["GET"]}}],"collection":[{"href":"https:\/\/ami.mr\/fr\/wp-json\/wp\/v2\/posts"}],"about":[{"href":"https:\/\/ami.mr\/fr\/wp-json\/wp\/v2\/types\/post"}],"author":[{"embeddable":true,"href":"https:\/\/ami.mr\/fr\/wp-json\/wp\/v2\/users\/13"}],"replies":[{"embeddable":true,"href":"https:\/\/ami.mr\/fr\/wp-json\/wp\/v2\/comments?post=212981"}],"version-history":[{"count":1,"href":"https:\/\/ami.mr\/fr\/wp-json\/wp\/v2\/posts\/212981\/revisions"}],"predecessor-version":[{"id":212983,"href":"https:\/\/ami.mr\/fr\/wp-json\/wp\/v2\/posts\/212981\/revisions\/212983"}],"wp:featuredmedia":[{"embeddable":true,"href":"https:\/\/ami.mr\/fr\/wp-json\/wp\/v2\/media\/212982"}],"wp:attachment":[{"href":"https:\/\/ami.mr\/fr\/wp-json\/wp\/v2\/media?parent=212981"}],"wp:term":[{"taxonomy":"category","embeddable":true,"href":"https:\/\/ami.mr\/fr\/wp-json\/wp\/v2\/categories?post=212981"},{"taxonomy":"post_tag","embeddable":true,"href":"https:\/\/ami.mr\/fr\/wp-json\/wp\/v2\/tags?post=212981"}],"curies":[{"name":"wp","href":"https:\/\/api.w.org\/{rel}","templated":true}]}}