{"id":212969,"date":"2022-12-20T19:10:33","date_gmt":"2022-12-20T19:10:33","guid":{"rendered":"https:\/\/ami.mr\/fr\/?p=212969"},"modified":"2022-12-21T15:11:30","modified_gmt":"2022-12-21T15:11:30","slug":"le-ministre-des-affaires-etrangeres-recoit-lambassadeur-dalgerie-5","status":"publish","type":"post","link":"https:\/\/ami.mr\/fr\/archives\/212969","title":{"rendered":"Le ministre des Affaires \u00e9trang\u00e8res re\u00e7oit l\u2019ambassadeur d\u2019Alg\u00e9rie"},"content":{"rendered":"<p>Le ministre des Affaires \u00e9trang\u00e8res et de la Coop\u00e9ration et des mauritaniens de l\u2019Ext\u00e9rieur, M. Mohamed Salem Ould Merzoug, a re\u00e7u en audience, mardi \u00e0 Nouakchott, SEM. Mohamed Ben Attou, ambassadeur de la R\u00e9publique d\u00e9mocratique populaire alg\u00e9rienne fr\u00e8re.<\/p>\n<p>Les entretiens ont port\u00e9 sur les relations de coop\u00e9ration unissant les deux pays fr\u00e8res et les questions d\u2019int\u00e9r\u00eat commun.<\/p>\n","protected":false},"excerpt":{"rendered":"<p>Le ministre des Affaires \u00e9trang\u00e8res et de la Coop\u00e9ration et des mauritaniens de l\u2019Ext\u00e9rieur, M. Mohamed Salem Ould Merzoug, a re\u00e7u en audience, mardi \u00e0 Nouakchott, SEM. Mohamed Ben Attou, ambassadeur de la R\u00e9publique d\u00e9mocratique populaire alg\u00e9rienne fr\u00e8re. Les entretiens ont port\u00e9 sur les relations de coop\u00e9ration unissant les deux pays fr\u00e8res et les questions [&hellip;]<\/p>\n","protected":false},"author":13,"featured_media":212970,"comment_status":"open","ping_status":"open","sticky":false,"template":"","format":"standard","meta":{"footnotes":""},"categories":[63918,63957],"tags":[63990],"class_list":["post-212969","post","type-post","status-publish","format-standard","has-post-thumbnail","hentry","category-autres","category-fil-dactualite","tag-activites-gouvernementales"],"_links":{"self":[{"href":"https:\/\/ami.mr\/fr\/wp-json\/wp\/v2\/posts\/212969","targetHints":{"allow":["GET"]}}],"collection":[{"href":"https:\/\/ami.mr\/fr\/wp-json\/wp\/v2\/posts"}],"about":[{"href":"https:\/\/ami.mr\/fr\/wp-json\/wp\/v2\/types\/post"}],"author":[{"embeddable":true,"href":"https:\/\/ami.mr\/fr\/wp-json\/wp\/v2\/users\/13"}],"replies":[{"embeddable":true,"href":"https:\/\/ami.mr\/fr\/wp-json\/wp\/v2\/comments?post=212969"}],"version-history":[{"count":1,"href":"https:\/\/ami.mr\/fr\/wp-json\/wp\/v2\/posts\/212969\/revisions"}],"predecessor-version":[{"id":212971,"href":"https:\/\/ami.mr\/fr\/wp-json\/wp\/v2\/posts\/212969\/revisions\/212971"}],"wp:featuredmedia":[{"embeddable":true,"href":"https:\/\/ami.mr\/fr\/wp-json\/wp\/v2\/media\/212970"}],"wp:attachment":[{"href":"https:\/\/ami.mr\/fr\/wp-json\/wp\/v2\/media?parent=212969"}],"wp:term":[{"taxonomy":"category","embeddable":true,"href":"https:\/\/ami.mr\/fr\/wp-json\/wp\/v2\/categories?post=212969"},{"taxonomy":"post_tag","embeddable":true,"href":"https:\/\/ami.mr\/fr\/wp-json\/wp\/v2\/tags?post=212969"}],"curies":[{"name":"wp","href":"https:\/\/api.w.org\/{rel}","templated":true}]}}