{"id":212871,"date":"2022-12-19T18:33:29","date_gmt":"2022-12-19T18:33:29","guid":{"rendered":"https:\/\/ami.mr\/fr\/?p=212871"},"modified":"2022-12-19T18:33:29","modified_gmt":"2022-12-19T18:33:29","slug":"la-conference-des-presidents-de-lassemblee-nationale-sest-reunie-aujourdhui-lundi-sous-la-presidence-de-m-sidney-sukhona-premier-vice-president-de-lassemblee-nationale","status":"publish","type":"post","link":"https:\/\/ami.mr\/fr\/archives\/212871","title":{"rendered":"La Conf\u00e9rence des pr\u00e9sidents de l&#8217;Assembl\u00e9e nationale s&#8217;est r\u00e9unie aujourd&#8217;hui, lundi, sous la pr\u00e9sidence de M. Sidney Sukhona, premier vice-pr\u00e9sident de l&#8217;Assembl\u00e9e nationale."},"content":{"rendered":"<p>Le gouvernement \u00e9tait repr\u00e9sent\u00e9 \u00e0 cette r\u00e9union par Son Excellence le ministre de la Culture, de la Jeunesse, des Sports et des Relations avec le Parlement, M. Mohamed Ould Asweidat.<\/p>\n<p>Au cours de la r\u00e9union, la Conf\u00e9rence des pr\u00e9sidents a examin\u00e9 le projet de loi n\u00b0 22-039, qui comprend la ratification de la Convention de l&#8217;Union africaine sur la cybers\u00e9curit\u00e9 et la protection des donn\u00e9es personnelles, soumis par le gouvernement.<\/p>\n<p>La Conf\u00e9rence des pr\u00e9sidents a d\u00e9cid\u00e9 de renvoyer le projet de loi susmentionn\u00e9 \u00e0 la commission des relations ext\u00e9rieures, en vue d&#8217;une \u00e9tude approfondie.<\/p>\n<p>&nbsp;<\/p>\n<p>&nbsp;<\/p>\n<p>&nbsp;<\/p>\n<p>&nbsp;<\/p>\n","protected":false},"excerpt":{"rendered":"<p>Le gouvernement \u00e9tait repr\u00e9sent\u00e9 \u00e0 cette r\u00e9union par Son Excellence le ministre de la Culture, de la Jeunesse, des Sports et des Relations avec le Parlement, M. Mohamed Ould Asweidat. Au cours de la r\u00e9union, la Conf\u00e9rence des pr\u00e9sidents a examin\u00e9 le projet de loi n\u00b0 22-039, qui comprend la ratification de la Convention de [&hellip;]<\/p>\n","protected":false},"author":13,"featured_media":212872,"comment_status":"open","ping_status":"open","sticky":false,"template":"","format":"standard","meta":{"footnotes":""},"categories":[63920,63919,63957,63959,63927],"tags":[],"class_list":["post-212871","post","type-post","status-publish","format-standard","has-post-thumbnail","hentry","category-a-la-une","category-choix-du-redacteur","category-fil-dactualite","category-mauritanie","category-slider-mauritanie"],"_links":{"self":[{"href":"https:\/\/ami.mr\/fr\/wp-json\/wp\/v2\/posts\/212871","targetHints":{"allow":["GET"]}}],"collection":[{"href":"https:\/\/ami.mr\/fr\/wp-json\/wp\/v2\/posts"}],"about":[{"href":"https:\/\/ami.mr\/fr\/wp-json\/wp\/v2\/types\/post"}],"author":[{"embeddable":true,"href":"https:\/\/ami.mr\/fr\/wp-json\/wp\/v2\/users\/13"}],"replies":[{"embeddable":true,"href":"https:\/\/ami.mr\/fr\/wp-json\/wp\/v2\/comments?post=212871"}],"version-history":[{"count":1,"href":"https:\/\/ami.mr\/fr\/wp-json\/wp\/v2\/posts\/212871\/revisions"}],"predecessor-version":[{"id":212873,"href":"https:\/\/ami.mr\/fr\/wp-json\/wp\/v2\/posts\/212871\/revisions\/212873"}],"wp:featuredmedia":[{"embeddable":true,"href":"https:\/\/ami.mr\/fr\/wp-json\/wp\/v2\/media\/212872"}],"wp:attachment":[{"href":"https:\/\/ami.mr\/fr\/wp-json\/wp\/v2\/media?parent=212871"}],"wp:term":[{"taxonomy":"category","embeddable":true,"href":"https:\/\/ami.mr\/fr\/wp-json\/wp\/v2\/categories?post=212871"},{"taxonomy":"post_tag","embeddable":true,"href":"https:\/\/ami.mr\/fr\/wp-json\/wp\/v2\/tags?post=212871"}],"curies":[{"name":"wp","href":"https:\/\/api.w.org\/{rel}","templated":true}]}}