{"id":212782,"date":"2022-12-18T11:23:22","date_gmt":"2022-12-18T11:23:22","guid":{"rendered":"https:\/\/ami.mr\/fr\/?p=212782"},"modified":"2022-12-18T11:23:22","modified_gmt":"2022-12-18T11:23:22","slug":"colloque-sur-le-role-des-elites-nationales-dans-laffinement-du-discours-politique","status":"publish","type":"post","link":"https:\/\/ami.mr\/fr\/archives\/212782","title":{"rendered":"Colloque sur le r\u00f4le des \u00e9lites nationales dans l&#8217;affinement du discours politique"},"content":{"rendered":"<p>Le Centre d&#8217;\u00e9tudes juridiques et sociales de Nouakchott a organis\u00e9, samedi soir, \u00e0 Nouakchott, un colloque sur le r\u00f4le des \u00e9lites nationales dans l&#8217;affinement du discours politique.<\/p>\n<p>Le centre vise, \u00e0 travers cette rencontre, ouvrir la voie \u00e0 toutes les \u00e9lites pour pr\u00e9senter des propositions radicales de nature \u00e0 constituer un terrain propice qui jette les bases d&#8217;une action politique polic\u00e9e et civilis\u00e9e.<\/p>\n<p>Dans un discours prononc\u00e9 \u00e0 cette occasion, le chef du centre, M. Abdel Jelil Cheikh El Ghadhi, a expliqu\u00e9 que le r\u00e9cent accord politique concernant les prochaines \u00e9lections a fond\u00e9 l&#8217;espoir de voir les \u00e9lites nationales pr\u00e9senter un mod\u00e8le diff\u00e9rent lors des prochaines \u00e9lections.<\/p>\n<p>Il a ajout\u00e9 que l&#8217;am\u00e9lioration du processus d\u00e9mocratique exige que chacun fasse en sorte de rationaliser le discours politique, ce qui signifie &#8220;s&#8217;\u00e9loigner des insultes verbales qui portent atteinte au caract\u00e8re sacr\u00e9 de la comp\u00e9tition loyale.<\/p>\n<p>Il a insist\u00e9 sur la n\u00e9cessit\u00e9 de s\u2019\u00e9loigner des comportements n\u00e9gatifs tels que l&#8217;achat du vote des \u00e9lecteurs et de l&#8217;utilisation de l&#8217;argent public et des moyens de l&#8217;\u00c9tat dans la comp\u00e9tition \u00e9lectorale, appelant \u00e0 agir fermement contre toute action visant \u00e0 neutraliser la voix de l\u2019\u00e9lecteur local. Les participants ont exprim\u00e9 leur joie de prendre part \u00e0 ce symposium compte tenu de l&#8217;importance du sujet abord\u00e9.<\/p>\n<p>La rencontre s&#8217;est d\u00e9roul\u00e9e en pr\u00e9sence de chefs de partis politiques, de m\u00e9decins, de chercheurs, de professionnels des m\u00e9dias et de militants de la soci\u00e9t\u00e9 civile.<\/p>\n<p>&nbsp;<\/p>\n","protected":false},"excerpt":{"rendered":"<p>Le Centre d&#8217;\u00e9tudes juridiques et sociales de Nouakchott a organis\u00e9, samedi soir, \u00e0 Nouakchott, un colloque sur le r\u00f4le des \u00e9lites nationales dans l&#8217;affinement du discours politique. Le centre vise, \u00e0 travers cette rencontre, ouvrir la voie \u00e0 toutes les \u00e9lites pour pr\u00e9senter des propositions radicales de nature \u00e0 constituer un terrain propice qui jette [&hellip;]<\/p>\n","protected":false},"author":5,"featured_media":212783,"comment_status":"open","ping_status":"open","sticky":false,"template":"","format":"standard","meta":{"footnotes":""},"categories":[63918,63957],"tags":[],"class_list":["post-212782","post","type-post","status-publish","format-standard","has-post-thumbnail","hentry","category-autres","category-fil-dactualite"],"_links":{"self":[{"href":"https:\/\/ami.mr\/fr\/wp-json\/wp\/v2\/posts\/212782","targetHints":{"allow":["GET"]}}],"collection":[{"href":"https:\/\/ami.mr\/fr\/wp-json\/wp\/v2\/posts"}],"about":[{"href":"https:\/\/ami.mr\/fr\/wp-json\/wp\/v2\/types\/post"}],"author":[{"embeddable":true,"href":"https:\/\/ami.mr\/fr\/wp-json\/wp\/v2\/users\/5"}],"replies":[{"embeddable":true,"href":"https:\/\/ami.mr\/fr\/wp-json\/wp\/v2\/comments?post=212782"}],"version-history":[{"count":1,"href":"https:\/\/ami.mr\/fr\/wp-json\/wp\/v2\/posts\/212782\/revisions"}],"predecessor-version":[{"id":212784,"href":"https:\/\/ami.mr\/fr\/wp-json\/wp\/v2\/posts\/212782\/revisions\/212784"}],"wp:featuredmedia":[{"embeddable":true,"href":"https:\/\/ami.mr\/fr\/wp-json\/wp\/v2\/media\/212783"}],"wp:attachment":[{"href":"https:\/\/ami.mr\/fr\/wp-json\/wp\/v2\/media?parent=212782"}],"wp:term":[{"taxonomy":"category","embeddable":true,"href":"https:\/\/ami.mr\/fr\/wp-json\/wp\/v2\/categories?post=212782"},{"taxonomy":"post_tag","embeddable":true,"href":"https:\/\/ami.mr\/fr\/wp-json\/wp\/v2\/tags?post=212782"}],"curies":[{"name":"wp","href":"https:\/\/api.w.org\/{rel}","templated":true}]}}