{"id":212772,"date":"2022-12-17T20:02:34","date_gmt":"2022-12-17T20:02:34","guid":{"rendered":"https:\/\/ami.mr\/fr\/?p=212772"},"modified":"2022-12-19T14:25:10","modified_gmt":"2022-12-19T14:25:10","slug":"lunion-des-litteraires-et-des-ecrivains-mauritaniens-organise-un-colloque-pour-commemorer-la-journee-mondiale-de-la-langue-arabe","status":"publish","type":"post","link":"https:\/\/ami.mr\/fr\/archives\/212772","title":{"rendered":"L&#8217;Union des litt\u00e9raires et des \u00e9crivains mauritaniens organise un colloque pour comm\u00e9morer la journ\u00e9e mondiale de la langue arabe"},"content":{"rendered":"<div class=\"row\"><\/div>\n<div class=\"row\">\n<div class=\"cell auto-size\">\n<div class=\"set-border bd-gray padding10 margin10 no-margin-right no-margin-left \" dir=\"ltr\">\n<p>L&#8217;Union des litt\u00e9raires et des \u00e9crivains mauritaniens a organis\u00e9, samedi matin \u00e0 Nouakchott, un colloque litt\u00e9raire dans le cadre de son programme &#8220;la tente de la litt\u00e9rature&#8221;, et ce pour comm\u00e9morer la journ\u00e9e mondiale de la langue arabe.<\/p>\n<p>Dans un mot prononc\u00e9 pour la circonstance, le pr\u00e9sident de l&#8217;Union des litt\u00e9raires et \u00e9crivains mauritaniens, M. El khalil Enahoui, a indiqu\u00e9 que cette activit\u00e9 qui a accus\u00e9 un retard, \u00e0 cause de conditions contraignantes, a pour but de c\u00e9l\u00e9brer la journ\u00e9e mondiale de la langue arabe.<\/p>\n<p>Il a ajout\u00e9 que le th\u00e8me de &#8220;El M\u00e9dih Eneb\u00e9oui&#8221; a \u00e9t\u00e9 choisi pour le colloque, eu \u00e9gard \u00e0 l&#8217;importance qui lui est accord\u00e9e par tous, avant de rendre hommage au conf\u00e9rencier, M. Mohamed Vall ould Abdelatif.<\/p>\n<p>Le conf\u00e9rencier a parl\u00e9 dans sa conf\u00e9rence des textes d&#8217;El Medih dans les po\u00e8mes de Maouloud Ould Ahmed Lejouad, s&#8217;attardant sur les principales caract\u00e9ristiques qui ont marqu\u00e9 ces po\u00e8mes.<\/p>\n<p>Il a pr\u00e9cis\u00e9 que ce po\u00e8te a son style particulier dans le &#8220;Medih&#8221;, ce qu&#8217;il r\u00e9v\u00e9l\u00e9 \u00e0 travers la lecture de certains de ces po\u00e8mes.<\/p>\n<p>Le colloque a \u00e9t\u00e9 l&#8217;occasion de primer des conf\u00e9renciers et des po\u00e8tes.<\/p>\n<\/div>\n<\/div>\n<\/div>\n","protected":false},"excerpt":{"rendered":"<p>L&#8217;Union des litt\u00e9raires et des \u00e9crivains mauritaniens a organis\u00e9, samedi matin \u00e0 Nouakchott, un colloque litt\u00e9raire dans le cadre de son programme &#8220;la tente de la litt\u00e9rature&#8221;, et ce pour comm\u00e9morer la journ\u00e9e mondiale de la langue arabe. Dans un mot prononc\u00e9 pour la circonstance, le pr\u00e9sident de l&#8217;Union des litt\u00e9raires et \u00e9crivains mauritaniens, M. [&hellip;]<\/p>\n","protected":false},"author":8,"featured_media":212773,"comment_status":"open","ping_status":"open","sticky":false,"template":"","format":"standard","meta":{"footnotes":""},"categories":[63918,63919,104,63957,63924],"tags":[],"class_list":["post-212772","post","type-post","status-publish","format-standard","has-post-thumbnail","hentry","category-autres","category-choix-du-redacteur","category-104","category-fil-dactualite","category-slider-culture"],"_links":{"self":[{"href":"https:\/\/ami.mr\/fr\/wp-json\/wp\/v2\/posts\/212772","targetHints":{"allow":["GET"]}}],"collection":[{"href":"https:\/\/ami.mr\/fr\/wp-json\/wp\/v2\/posts"}],"about":[{"href":"https:\/\/ami.mr\/fr\/wp-json\/wp\/v2\/types\/post"}],"author":[{"embeddable":true,"href":"https:\/\/ami.mr\/fr\/wp-json\/wp\/v2\/users\/8"}],"replies":[{"embeddable":true,"href":"https:\/\/ami.mr\/fr\/wp-json\/wp\/v2\/comments?post=212772"}],"version-history":[{"count":1,"href":"https:\/\/ami.mr\/fr\/wp-json\/wp\/v2\/posts\/212772\/revisions"}],"predecessor-version":[{"id":212774,"href":"https:\/\/ami.mr\/fr\/wp-json\/wp\/v2\/posts\/212772\/revisions\/212774"}],"wp:featuredmedia":[{"embeddable":true,"href":"https:\/\/ami.mr\/fr\/wp-json\/wp\/v2\/media\/212773"}],"wp:attachment":[{"href":"https:\/\/ami.mr\/fr\/wp-json\/wp\/v2\/media?parent=212772"}],"wp:term":[{"taxonomy":"category","embeddable":true,"href":"https:\/\/ami.mr\/fr\/wp-json\/wp\/v2\/categories?post=212772"},{"taxonomy":"post_tag","embeddable":true,"href":"https:\/\/ami.mr\/fr\/wp-json\/wp\/v2\/tags?post=212772"}],"curies":[{"name":"wp","href":"https:\/\/api.w.org\/{rel}","templated":true}]}}