{"id":212725,"date":"2022-12-17T10:17:58","date_gmt":"2022-12-17T10:17:58","guid":{"rendered":"https:\/\/ami.mr\/fr\/?p=212725"},"modified":"2022-12-17T10:17:58","modified_gmt":"2022-12-17T10:17:58","slug":"le-ministre-de-lemploi-senquiert-de-lecole-de-formation-technique-et-professionnelle-daioun","status":"publish","type":"post","link":"https:\/\/ami.mr\/fr\/archives\/212725","title":{"rendered":"Le ministre de l&#8217;Emploi s\u2019enquiert de l\u2019\u00c9cole de Formation Technique et Professionnelle d\u2019A\u00efoun"},"content":{"rendered":"<p>Le ministre de l&#8217;Emploi et de la Formation professionnelle, M. Niang Mamadou, a effectu\u00e9 aujourd&#8217;hui vendredi, en compagnie du Wali du Hodh Gharbi, M. Ahmeda Mamadou Kelly, une visite d\u2019information \u00e0 l&#8217;Ecole de Formation Technique et Professionnelle de la ville d\u2019A\u00efoun, au cours de laquelle, il s\u2019est enquis sur le d\u00e9roulement du travail dans les diff\u00e9rents ateliers de m\u00e9canique automobile, de couture, du froid, des branchements domestiques et d&#8217;\u00e9lectricit\u00e9, en plus de l&#8217;atelier de production animale et agricole.<\/p>\n<p>Des explications d\u00e9taill\u00e9es sur le fonctionnement des diff\u00e9rents ateliers de cet \u00e9tablissement ont \u00e9t\u00e9 pr\u00e9sent\u00e9es au ministre au cours de cette visite, pendant laquelle, M. Niang Mamadou a instruit les responsables sur la n\u00e9cessit\u00e9 de d\u00e9velopper les performances de l\u2019\u00e9cole, de pr\u00e9server la qualit\u00e9 \u00e0 tous les niveaux de la formation et d\u2019impulser la production locale en tenant compte de la sp\u00e9cificit\u00e9 de la wilaya et des exigences du march\u00e9 local ainsi qu\u2019\u00e0 encourager les jeunes \u00e9nergies au travail et \u00e0 la production.<\/p>\n<p>Cette visite vise \u00e0 examiner de pr\u00e8s les probl\u00e8mes pos\u00e9s \u00e0 l\u2019\u00e9cole afin de leur trouver des solutions appropri\u00e9es, a affirm\u00e9 \u00e0 l\u2019Agence Mauritanienne d\u2019Information (AMI), le directeur de l\u2019\u00c9tablissement M. Ali Cheikh Sid Ely.<\/p>\n<p>Ce dernier a pr\u00e9cis\u00e9 que le ministre s\u2019est engag\u00e9 d\u2019\u0153uvrer afin que toutes les difficult\u00e9s soient surmont\u00e9es et de mobiliser les moyens financiers ad\u00e9quats, afin d\u2019atteindre les objectifs souhait\u00e9s dans la mise en \u0153uvre du programme de Son Excellence le Pr\u00e9sident de la R\u00e9publique, Monsieur. Mohamed Ould Cheikh El Ghazouani dans ce domaine.<\/p>\n","protected":false},"excerpt":{"rendered":"<p>Le ministre de l&#8217;Emploi et de la Formation professionnelle, M. Niang Mamadou, a effectu\u00e9 aujourd&#8217;hui vendredi, en compagnie du Wali du Hodh Gharbi, M. Ahmeda Mamadou Kelly, une visite d\u2019information \u00e0 l&#8217;Ecole de Formation Technique et Professionnelle de la ville d\u2019A\u00efoun, au cours de laquelle, il s\u2019est enquis sur le d\u00e9roulement du travail dans les [&hellip;]<\/p>\n","protected":false},"author":11,"featured_media":212726,"comment_status":"open","ping_status":"open","sticky":false,"template":"","format":"standard","meta":{"footnotes":""},"categories":[63918,63957,63923,8672],"tags":[],"class_list":["post-212725","post","type-post","status-publish","format-standard","has-post-thumbnail","hentry","category-autres","category-fil-dactualite","category-slider-wilayas","category-8672"],"_links":{"self":[{"href":"https:\/\/ami.mr\/fr\/wp-json\/wp\/v2\/posts\/212725","targetHints":{"allow":["GET"]}}],"collection":[{"href":"https:\/\/ami.mr\/fr\/wp-json\/wp\/v2\/posts"}],"about":[{"href":"https:\/\/ami.mr\/fr\/wp-json\/wp\/v2\/types\/post"}],"author":[{"embeddable":true,"href":"https:\/\/ami.mr\/fr\/wp-json\/wp\/v2\/users\/11"}],"replies":[{"embeddable":true,"href":"https:\/\/ami.mr\/fr\/wp-json\/wp\/v2\/comments?post=212725"}],"version-history":[{"count":1,"href":"https:\/\/ami.mr\/fr\/wp-json\/wp\/v2\/posts\/212725\/revisions"}],"predecessor-version":[{"id":212727,"href":"https:\/\/ami.mr\/fr\/wp-json\/wp\/v2\/posts\/212725\/revisions\/212727"}],"wp:featuredmedia":[{"embeddable":true,"href":"https:\/\/ami.mr\/fr\/wp-json\/wp\/v2\/media\/212726"}],"wp:attachment":[{"href":"https:\/\/ami.mr\/fr\/wp-json\/wp\/v2\/media?parent=212725"}],"wp:term":[{"taxonomy":"category","embeddable":true,"href":"https:\/\/ami.mr\/fr\/wp-json\/wp\/v2\/categories?post=212725"},{"taxonomy":"post_tag","embeddable":true,"href":"https:\/\/ami.mr\/fr\/wp-json\/wp\/v2\/tags?post=212725"}],"curies":[{"name":"wp","href":"https:\/\/api.w.org\/{rel}","templated":true}]}}