{"id":212709,"date":"2022-12-16T21:52:40","date_gmt":"2022-12-16T21:52:40","guid":{"rendered":"https:\/\/ami.mr\/fr\/?p=212709"},"modified":"2022-12-19T13:53:36","modified_gmt":"2022-12-19T13:53:36","slug":"la-commission-des-finances-de-lassemblee-nationale-discute-le-budget-du-ministere-de-lhydraulique-2","status":"publish","type":"post","link":"https:\/\/ami.mr\/fr\/archives\/212709","title":{"rendered":"La commission des finances de l\u2019Assembl\u00e9e nationale discute le budget du minist\u00e8re de l\u2019Hydraulique"},"content":{"rendered":"<p>La commission des finances de l\u2019Assembl\u00e9e nationale a, au cours de sa r\u00e9union, tenue vendredi, sous la pr\u00e9sidence de M. Mohamed Abderrahmane Ould Tolba, son pr\u00e9sident, examin\u00e9 le budget du minist\u00e8re de l\u2019Hydraulique et de l\u2019Assainissement dans le cadre du projet initial de loi de finances pour l\u2019ann\u00e9e 2023.<\/p>\n<p>La commission a suivi un expos\u00e9 du ministre de l\u2019Hydraulique et de l\u2019Assainissement, M. Sidi Mohamed Ould Taleb Amar, dans lequel il a pass\u00e9 en revue les principaux chapitres les rubriques de ce budget en recettes et en d\u00e9penses<\/p>\n<p>Ce budget se chiffre \u00e0 2.371.218.322 MRU<\/p>\n","protected":false},"excerpt":{"rendered":"<p>La commission des finances de l\u2019Assembl\u00e9e nationale a, au cours de sa r\u00e9union, tenue vendredi, sous la pr\u00e9sidence de M. Mohamed Abderrahmane Ould Tolba, son pr\u00e9sident, examin\u00e9 le budget du minist\u00e8re de l\u2019Hydraulique et de l\u2019Assainissement dans le cadre du projet initial de loi de finances pour l\u2019ann\u00e9e 2023. La commission a suivi un expos\u00e9 [&hellip;]<\/p>\n","protected":false},"author":13,"featured_media":212710,"comment_status":"open","ping_status":"open","sticky":false,"template":"","format":"standard","meta":{"footnotes":""},"categories":[63920,63919,63957],"tags":[63990],"class_list":["post-212709","post","type-post","status-publish","format-standard","has-post-thumbnail","hentry","category-a-la-une","category-choix-du-redacteur","category-fil-dactualite","tag-activites-gouvernementales"],"_links":{"self":[{"href":"https:\/\/ami.mr\/fr\/wp-json\/wp\/v2\/posts\/212709","targetHints":{"allow":["GET"]}}],"collection":[{"href":"https:\/\/ami.mr\/fr\/wp-json\/wp\/v2\/posts"}],"about":[{"href":"https:\/\/ami.mr\/fr\/wp-json\/wp\/v2\/types\/post"}],"author":[{"embeddable":true,"href":"https:\/\/ami.mr\/fr\/wp-json\/wp\/v2\/users\/13"}],"replies":[{"embeddable":true,"href":"https:\/\/ami.mr\/fr\/wp-json\/wp\/v2\/comments?post=212709"}],"version-history":[{"count":1,"href":"https:\/\/ami.mr\/fr\/wp-json\/wp\/v2\/posts\/212709\/revisions"}],"predecessor-version":[{"id":212711,"href":"https:\/\/ami.mr\/fr\/wp-json\/wp\/v2\/posts\/212709\/revisions\/212711"}],"wp:featuredmedia":[{"embeddable":true,"href":"https:\/\/ami.mr\/fr\/wp-json\/wp\/v2\/media\/212710"}],"wp:attachment":[{"href":"https:\/\/ami.mr\/fr\/wp-json\/wp\/v2\/media?parent=212709"}],"wp:term":[{"taxonomy":"category","embeddable":true,"href":"https:\/\/ami.mr\/fr\/wp-json\/wp\/v2\/categories?post=212709"},{"taxonomy":"post_tag","embeddable":true,"href":"https:\/\/ami.mr\/fr\/wp-json\/wp\/v2\/tags?post=212709"}],"curies":[{"name":"wp","href":"https:\/\/api.w.org\/{rel}","templated":true}]}}