{"id":212705,"date":"2022-12-16T21:41:09","date_gmt":"2022-12-16T21:41:09","guid":{"rendered":"https:\/\/ami.mr\/fr\/?p=212705"},"modified":"2022-12-19T13:54:51","modified_gmt":"2022-12-19T13:54:51","slug":"depart-de-la-2eme-caravane-des-livres-scolaires-vers-les-wilayas-de-linterieur","status":"publish","type":"post","link":"https:\/\/ami.mr\/fr\/archives\/212705","title":{"rendered":"D\u00e9part de la 2\u00e8me caravane des livres scolaires vers les wilayas de l\u2019int\u00e9rieur"},"content":{"rendered":"<p>La deuxi\u00e8me caravane de livres scolaires a \u00e9t\u00e9 d\u00e9p\u00each\u00e9e, vendredi, depuis les locaux de l\u2019Institut P\u00e9dagogique National, en direction de toutes les r\u00e9gions du pays, dans le cadre du processus de distribution d\u2019un million quatre cent livres au b\u00e9n\u00e9fice des \u00e9l\u00e8ves.<\/p>\n<p>Le coup d\u2019envoi de l\u2019op\u00e9ration a \u00e9t\u00e9 donn\u00e9 par le ministre de l\u2019\u00c9ducation nationale et de la R\u00e9forme du Syst\u00e8me \u00e9ducatif, M. Ibrahim Vall Ould Mohammed Lemine.<\/p>\n<p>Dans une d\u00e9claration \u00e0 l\u2019AMI, le ministre a pr\u00e9cis\u00e9 que ce lot des livres est le deuxi\u00e8me du genre, et que cette ann\u00e9e a vu la distribution des manuels aux \u00e9l\u00e8ves et aux enseignants dans tout le pays, et en particulier dans les r\u00e9gions recul\u00e9es.<\/p>\n<p>Il a ajout\u00e9 que cet effort vient renforcer la r\u00e9forme \u00e9ducative engag\u00e9e dans le pays, r\u00e9forme qui vise la promotion et l\u2019am\u00e9lioration de la qualit\u00e9 de l\u2019enseignement, afin qu\u2019il puisse mieux r\u00e9pondre aux exigences de la mondialisation.<\/p>\n<p>M. Vall a, par la suite, salu\u00e9 la contribution de l\u2019Institut P\u00e9dagogique National \u00e0 l\u2019accompagnement de la r\u00e9forme par l\u2019impression, la distribution et l\u2019acheminement du livre scolaire vers tous les endroits du pays.<\/p>\n<p>Le ministre a, enfin, exhort\u00e9 les parents d\u2019\u00e9l\u00e8ves \u00e0 veiller sur la pr\u00e9servation de ces livres qui constitue un tr\u00e9sor pr\u00e9cieux pour les g\u00e9n\u00e9rations.<\/p>\n","protected":false},"excerpt":{"rendered":"<p>La deuxi\u00e8me caravane de livres scolaires a \u00e9t\u00e9 d\u00e9p\u00each\u00e9e, vendredi, depuis les locaux de l\u2019Institut P\u00e9dagogique National, en direction de toutes les r\u00e9gions du pays, dans le cadre du processus de distribution d\u2019un million quatre cent livres au b\u00e9n\u00e9fice des \u00e9l\u00e8ves. Le coup d\u2019envoi de l\u2019op\u00e9ration a \u00e9t\u00e9 donn\u00e9 par le ministre de l\u2019\u00c9ducation nationale [&hellip;]<\/p>\n","protected":false},"author":13,"featured_media":212706,"comment_status":"open","ping_status":"open","sticky":false,"template":"","format":"standard","meta":{"footnotes":""},"categories":[63920,63919,104,63957,63924],"tags":[],"class_list":["post-212705","post","type-post","status-publish","format-standard","has-post-thumbnail","hentry","category-a-la-une","category-choix-du-redacteur","category-104","category-fil-dactualite","category-slider-culture"],"_links":{"self":[{"href":"https:\/\/ami.mr\/fr\/wp-json\/wp\/v2\/posts\/212705","targetHints":{"allow":["GET"]}}],"collection":[{"href":"https:\/\/ami.mr\/fr\/wp-json\/wp\/v2\/posts"}],"about":[{"href":"https:\/\/ami.mr\/fr\/wp-json\/wp\/v2\/types\/post"}],"author":[{"embeddable":true,"href":"https:\/\/ami.mr\/fr\/wp-json\/wp\/v2\/users\/13"}],"replies":[{"embeddable":true,"href":"https:\/\/ami.mr\/fr\/wp-json\/wp\/v2\/comments?post=212705"}],"version-history":[{"count":1,"href":"https:\/\/ami.mr\/fr\/wp-json\/wp\/v2\/posts\/212705\/revisions"}],"predecessor-version":[{"id":212707,"href":"https:\/\/ami.mr\/fr\/wp-json\/wp\/v2\/posts\/212705\/revisions\/212707"}],"wp:featuredmedia":[{"embeddable":true,"href":"https:\/\/ami.mr\/fr\/wp-json\/wp\/v2\/media\/212706"}],"wp:attachment":[{"href":"https:\/\/ami.mr\/fr\/wp-json\/wp\/v2\/media?parent=212705"}],"wp:term":[{"taxonomy":"category","embeddable":true,"href":"https:\/\/ami.mr\/fr\/wp-json\/wp\/v2\/categories?post=212705"},{"taxonomy":"post_tag","embeddable":true,"href":"https:\/\/ami.mr\/fr\/wp-json\/wp\/v2\/tags?post=212705"}],"curies":[{"name":"wp","href":"https:\/\/api.w.org\/{rel}","templated":true}]}}