{"id":212523,"date":"2022-12-14T23:01:46","date_gmt":"2022-12-14T23:01:46","guid":{"rendered":"https:\/\/ami.mr\/fr\/?p=212523"},"modified":"2022-12-15T13:42:48","modified_gmt":"2022-12-15T13:42:48","slug":"washington-en-presence-du-president-de-la-republique-le-president-biden-annonce-un-programme-de-financement-pour-soutenir-la-mauritanie","status":"publish","type":"post","link":"https:\/\/ami.mr\/fr\/archives\/212523","title":{"rendered":"Washington : En pr\u00e9sence du pr\u00e9sident de la R\u00e9publique, le pr\u00e9sident Biden annonce un programme de financement pour soutenir la Mauritanie"},"content":{"rendered":"<div class=\"row\"><\/div>\n<div class=\"row\">\n<div class=\"cell auto-size\">\n<div class=\"set-border bd-gray padding10 margin10 no-margin-right no-margin-left \" dir=\"ltr\">\n<p>Le pr\u00e9sident des Etats unis d\u2019Am\u00e9rique, Joe Biden a annonc\u00e9, mercredi \u00e0 Washington, que la Mauritanie a \u00e9t\u00e9 s\u00e9lectionn\u00e9e par l&#8217;American Millennium Challenge Corporation pour obtenir un programme de financement lui permettant de renforcer ses efforts de lutte contre la pauvret\u00e9 et de promotion de la croissance \u00e9conomique et sociale.<\/p>\n<p>Le Pr\u00e9sident am\u00e9ricain a fait comprendre aux dirigeants d&#8217;une cinquantaine de pays africains, dont Son Excellence le Pr\u00e9sident de la R\u00e9publique, M. Mohamed Ould Cheikh El-Ghazouani, que ce programme de financement constitue un appui aux orientations positives des autorit\u00e9s mauritaniennes et un engagement en faveur du peuple mauritanien afin d&#8217;am\u00e9liorer le niveau de d\u00e9veloppement social, la bonne gouvernance et les droits de l&#8217;homme.<\/p>\n<p>Le pr\u00e9sident am\u00e9ricain a parl\u00e9 de l&#8217;avenir des relations am\u00e9ricano-africaines, d\u00e9clarant : \u00abQuand l&#8217;Afrique r\u00e9ussit, les \u00c9tats-Unis r\u00e9ussissent ainsi que le monde entier \u00bb.<\/p>\n<p>Il a ajout\u00e9 : \u00ab Nous allons signer un protocole d&#8217;accord historique pour le libre-\u00e9change avec l&#8217;Afrique \u00bb, car l&#8217;\u00e9tablissement d&#8217;un grand \u00ab partenariat \u00bb avec l&#8217;Afrique est \u00ab la cl\u00e9 du succ\u00e8s pour le monde \u00bb.<\/p>\n<p>Il a soulign\u00e9 que &#8220;les pays africains jouent un r\u00f4le dans le progr\u00e8s mondial, et nous travaillons avec eux pour r\u00e9pondre \u00e0 leurs besoins&#8221;.<\/p>\n<p>Notons que l&#8217;ordre du jour du sommet afro-am\u00e9ricain se poursuit pour la deuxi\u00e8me journ\u00e9e cons\u00e9cutive dans la capitale am\u00e9ricaine, en pr\u00e9sence d&#8217;environ 49 dirigeants des pays africains.<\/p>\n<\/div>\n<\/div>\n<\/div>\n","protected":false},"excerpt":{"rendered":"<p>Le pr\u00e9sident des Etats unis d\u2019Am\u00e9rique, Joe Biden a annonc\u00e9, mercredi \u00e0 Washington, que la Mauritanie a \u00e9t\u00e9 s\u00e9lectionn\u00e9e par l&#8217;American Millennium Challenge Corporation pour obtenir un programme de financement lui permettant de renforcer ses efforts de lutte contre la pauvret\u00e9 et de promotion de la croissance \u00e9conomique et sociale. Le Pr\u00e9sident am\u00e9ricain a fait [&hellip;]<\/p>\n","protected":false},"author":8,"featured_media":212558,"comment_status":"open","ping_status":"open","sticky":false,"template":"","format":"standard","meta":{"footnotes":""},"categories":[63919,63957,25,63921,63926],"tags":[],"class_list":["post-212523","post","type-post","status-publish","format-standard","has-post-thumbnail","hentry","category-choix-du-redacteur","category-fil-dactualite","category-25","category-slider-afficher","category-slider-general"],"_links":{"self":[{"href":"https:\/\/ami.mr\/fr\/wp-json\/wp\/v2\/posts\/212523","targetHints":{"allow":["GET"]}}],"collection":[{"href":"https:\/\/ami.mr\/fr\/wp-json\/wp\/v2\/posts"}],"about":[{"href":"https:\/\/ami.mr\/fr\/wp-json\/wp\/v2\/types\/post"}],"author":[{"embeddable":true,"href":"https:\/\/ami.mr\/fr\/wp-json\/wp\/v2\/users\/8"}],"replies":[{"embeddable":true,"href":"https:\/\/ami.mr\/fr\/wp-json\/wp\/v2\/comments?post=212523"}],"version-history":[{"count":1,"href":"https:\/\/ami.mr\/fr\/wp-json\/wp\/v2\/posts\/212523\/revisions"}],"predecessor-version":[{"id":212528,"href":"https:\/\/ami.mr\/fr\/wp-json\/wp\/v2\/posts\/212523\/revisions\/212528"}],"wp:featuredmedia":[{"embeddable":true,"href":"https:\/\/ami.mr\/fr\/wp-json\/wp\/v2\/media\/212558"}],"wp:attachment":[{"href":"https:\/\/ami.mr\/fr\/wp-json\/wp\/v2\/media?parent=212523"}],"wp:term":[{"taxonomy":"category","embeddable":true,"href":"https:\/\/ami.mr\/fr\/wp-json\/wp\/v2\/categories?post=212523"},{"taxonomy":"post_tag","embeddable":true,"href":"https:\/\/ami.mr\/fr\/wp-json\/wp\/v2\/tags?post=212523"}],"curies":[{"name":"wp","href":"https:\/\/api.w.org\/{rel}","templated":true}]}}