{"id":212499,"date":"2022-12-14T20:32:47","date_gmt":"2022-12-14T20:32:47","guid":{"rendered":"https:\/\/ami.mr\/fr\/?p=212499"},"modified":"2022-12-15T09:55:43","modified_gmt":"2022-12-15T09:55:43","slug":"le-chef-detat-major-des-armees-accompagne-de-son-homologue-senegalais-visite-lecole-de-defense-du-g5-sahel","status":"publish","type":"post","link":"https:\/\/ami.mr\/fr\/archives\/212499","title":{"rendered":"Le Chef d&#8217;Etat-Major des Arm\u00e9es, accompagn\u00e9 de son homologue s\u00e9n\u00e9galais, visite le Coll\u00e8ge de D\u00e9fense du G5-Sahel"},"content":{"rendered":"<div class=\"row\"><\/div>\n<div class=\"row\">\n<div class=\"cell auto-size\">\n<div class=\"set-border bd-gray padding10 margin10 no-margin-right no-margin-left \" dir=\"ltr\">\n<p>Le chef d&#8217;Etat-Major g\u00e9n\u00e9ral des Arm\u00e9es, le g\u00e9n\u00e9ral de Division, El Mokhtar Bella Chaabane, accompagn\u00e9 du chef d&#8217;Etat-Major g\u00e9n\u00e9ral des Arm\u00e9es s\u00e9n\u00e9galaises, le g\u00e9n\u00e9ral Cheikh Wade, a effectu\u00e9 une visite au\u00a0 Coll\u00e8ge\u00a0 de D\u00e9fense du G5-SAhel \u00e0 Nouakchott , dans le cadre de la visite que le chef de l&#8217;Etat-major des arm\u00e9es s\u00e9n\u00e9galaises effectue actuellement en Mauritanie.<\/p>\n<p>Cette visite a permis au chef d&#8217;Etat-Major g\u00e9n\u00e9ral des Arm\u00e9es, \u00e0 son h\u00f4te s\u00e9n\u00e9galais, et aux d\u00e9l\u00e9gations qui les accompagnaient d&#8217;avoir une vision de terrain de cette \u00e9cole et des \u00e9tapes importantes qu&#8217;elle a franchies dans l&#8217;accomplissement des missions qui lui sont confi\u00e9es en tant qu&#8217;institution acad\u00e9mique militaire en charge de la formation et du d\u00e9veloppement des comp\u00e9tences militaires dans les \u00c9tats membres du G5-Sahel et des autres pays fr\u00e8res.<\/p>\n<p>La d\u00e9l\u00e9gation a \u00e9t\u00e9 re\u00e7ue \u00e0 l&#8217;entr\u00e9e de l\u2019\u00e9cole par son directeur, le g\u00e9n\u00e9ral de division Brahim Val Ould Chaibani, entour\u00e9 du personnel enseignant et d&#8217;encadrement de l\u2019\u00e9cole avant de suivre un expos\u00e9 pr\u00e9sent\u00e9 par le directeur dans lequel il a fait lumi\u00e8re sur la cr\u00e9ation, la structure administrative et les objectifs de cette \u00e9cole en tant qu&#8217;institution de r\u00e9habilitation et de pr\u00e9paration du personnel militaire et des comp\u00e9tences dans les arm\u00e9es des pays membres du G5-ahel.<\/p>\n<p>La d\u00e9l\u00e9gation a \u00e9galement visit\u00e9 les diff\u00e9rents pavillons de l\u2019\u00e9cole, \u00e0 savoir le centre de simulation op\u00e9rationnelle, dont le directeur, le lieutenant-colonel Mohamed Salem Beheit, a fait une pr\u00e9sentation sur les t\u00e2ches qui lui sont confi\u00e9es et le r\u00f4le important qu&#8217;il joue dans le renforcement des comp\u00e9tences et dans le d\u00e9veloppement des comp\u00e9tences des personnels militaires des pays membres du G5-Sahel.<\/p>\n<p>Le chef d\u2019\u00e9tat-major des arm\u00e9es s\u00e9n\u00e9galaises a exprim\u00e9, dans une allocution qu\u2019il a prononc\u00e9e \u00e0 cette occasion, son admiration pour les progr\u00e8s que cette \u00e9cole a r\u00e9alis\u00e9s depuis la visite qu\u2019il y a effectu\u00e9e en 2018, souhaitant voir, dans un proche avenir, des officiers s\u00e9n\u00e9galais aux c\u00f4t\u00e9s de leurs fr\u00e8res dans les rangs des prochaines promotions de cette importante \u00e9cole.<\/p>\n<p>La d\u00e9l\u00e9gation \u00e9tait accompagn\u00e9e du contre-amiral Mohamed Cheikhna Taleb Moustaph, chef d&#8217;\u00e9tat-major de la marine nationale, du colonel Abdellahi Dieng, attach\u00e9 militaire \u00e0 l&#8217;ambassade de notre pays au S\u00e9n\u00e9gal, et de plusieurs commandants de divisions et directions de l&#8217;\u00e9tat-major g\u00e9n\u00e9ral des arm\u00e9es.<\/p>\n<\/div>\n<\/div>\n<\/div>\n","protected":false},"excerpt":{"rendered":"<p>Le chef d&#8217;Etat-Major g\u00e9n\u00e9ral des Arm\u00e9es, le g\u00e9n\u00e9ral de Division, El Mokhtar Bella Chaabane, accompagn\u00e9 du chef d&#8217;Etat-Major g\u00e9n\u00e9ral des Arm\u00e9es s\u00e9n\u00e9galaises, le g\u00e9n\u00e9ral Cheikh Wade, a effectu\u00e9 une visite au\u00a0 Coll\u00e8ge\u00a0 de D\u00e9fense du G5-SAhel \u00e0 Nouakchott , dans le cadre de la visite que le chef de l&#8217;Etat-major des arm\u00e9es s\u00e9n\u00e9galaises effectue actuellement [&hellip;]<\/p>\n","protected":false},"author":8,"featured_media":212507,"comment_status":"open","ping_status":"open","sticky":false,"template":"","format":"standard","meta":{"footnotes":""},"categories":[63918,63919,63957],"tags":[],"class_list":["post-212499","post","type-post","status-publish","format-standard","has-post-thumbnail","hentry","category-autres","category-choix-du-redacteur","category-fil-dactualite"],"_links":{"self":[{"href":"https:\/\/ami.mr\/fr\/wp-json\/wp\/v2\/posts\/212499","targetHints":{"allow":["GET"]}}],"collection":[{"href":"https:\/\/ami.mr\/fr\/wp-json\/wp\/v2\/posts"}],"about":[{"href":"https:\/\/ami.mr\/fr\/wp-json\/wp\/v2\/types\/post"}],"author":[{"embeddable":true,"href":"https:\/\/ami.mr\/fr\/wp-json\/wp\/v2\/users\/8"}],"replies":[{"embeddable":true,"href":"https:\/\/ami.mr\/fr\/wp-json\/wp\/v2\/comments?post=212499"}],"version-history":[{"count":3,"href":"https:\/\/ami.mr\/fr\/wp-json\/wp\/v2\/posts\/212499\/revisions"}],"predecessor-version":[{"id":212535,"href":"https:\/\/ami.mr\/fr\/wp-json\/wp\/v2\/posts\/212499\/revisions\/212535"}],"wp:featuredmedia":[{"embeddable":true,"href":"https:\/\/ami.mr\/fr\/wp-json\/wp\/v2\/media\/212507"}],"wp:attachment":[{"href":"https:\/\/ami.mr\/fr\/wp-json\/wp\/v2\/media?parent=212499"}],"wp:term":[{"taxonomy":"category","embeddable":true,"href":"https:\/\/ami.mr\/fr\/wp-json\/wp\/v2\/categories?post=212499"},{"taxonomy":"post_tag","embeddable":true,"href":"https:\/\/ami.mr\/fr\/wp-json\/wp\/v2\/tags?post=212499"}],"curies":[{"name":"wp","href":"https:\/\/api.w.org\/{rel}","templated":true}]}}