{"id":212412,"date":"2022-12-13T15:20:28","date_gmt":"2022-12-13T15:20:28","guid":{"rendered":"https:\/\/ami.mr\/fr\/?p=212412"},"modified":"2022-12-13T15:20:28","modified_gmt":"2022-12-13T15:20:28","slug":"le-secretaire-general-du-ministere-des-affaires-economiques-recoit-une-mission-de-lonu","status":"publish","type":"post","link":"https:\/\/ami.mr\/fr\/archives\/212412","title":{"rendered":"Le secr\u00e9taire g\u00e9n\u00e9ral du minist\u00e8re des Affaires \u00e9conomiques re\u00e7oit une mission de l&#8217;ONU"},"content":{"rendered":"<p>Le secr\u00e9taire g\u00e9n\u00e9ral du minist\u00e8re des Affaires \u00e9conomiques et de la Promotion des Secteurs productifs, M. Yacoub Ould Ahmed A\u00efcha a re\u00e7u en audience, mardi \u00e0 Nouakchott, une mission de la division d&#8217;assistance \u00e9lectorale au d\u00e9partement des affaires politiques et de la consolidation de la paix aux Nations Unies conduite par M. Simon-pierre Nanitelamio, son directeur adjoint.<\/p>\n<p>L&#8217;audience a port\u00e9 sur les possibilit\u00e9s d&#8217;appui de cette structure dans les domaines de la consolidation de la paix, de l&#8217;instauration de la d\u00e9mocratie et du renforcement de la bonne gouvernance.<\/p>\n<p>L&#8217;audience s&#8217;est d\u00e9roul\u00e9e en pr\u00e9sence du directeur g\u00e9n\u00e9ral des politiques et strat\u00e9gies au minist\u00e8re des Affaires \u00e9conomiques et de la Promotion des Secteurs productifs, M. Cheikhna Ould Bedad.<\/p>\n","protected":false},"excerpt":{"rendered":"<p>Le secr\u00e9taire g\u00e9n\u00e9ral du minist\u00e8re des Affaires \u00e9conomiques et de la Promotion des Secteurs productifs, M. Yacoub Ould Ahmed A\u00efcha a re\u00e7u en audience, mardi \u00e0 Nouakchott, une mission de la division d&#8217;assistance \u00e9lectorale au d\u00e9partement des affaires politiques et de la consolidation de la paix aux Nations Unies conduite par M. Simon-pierre Nanitelamio, son [&hellip;]<\/p>\n","protected":false},"author":2,"featured_media":212413,"comment_status":"open","ping_status":"open","sticky":false,"template":"","format":"standard","meta":{"footnotes":""},"categories":[63918,63957],"tags":[63990],"class_list":["post-212412","post","type-post","status-publish","format-standard","has-post-thumbnail","hentry","category-autres","category-fil-dactualite","tag-activites-gouvernementales"],"_links":{"self":[{"href":"https:\/\/ami.mr\/fr\/wp-json\/wp\/v2\/posts\/212412","targetHints":{"allow":["GET"]}}],"collection":[{"href":"https:\/\/ami.mr\/fr\/wp-json\/wp\/v2\/posts"}],"about":[{"href":"https:\/\/ami.mr\/fr\/wp-json\/wp\/v2\/types\/post"}],"author":[{"embeddable":true,"href":"https:\/\/ami.mr\/fr\/wp-json\/wp\/v2\/users\/2"}],"replies":[{"embeddable":true,"href":"https:\/\/ami.mr\/fr\/wp-json\/wp\/v2\/comments?post=212412"}],"version-history":[{"count":1,"href":"https:\/\/ami.mr\/fr\/wp-json\/wp\/v2\/posts\/212412\/revisions"}],"predecessor-version":[{"id":212414,"href":"https:\/\/ami.mr\/fr\/wp-json\/wp\/v2\/posts\/212412\/revisions\/212414"}],"wp:featuredmedia":[{"embeddable":true,"href":"https:\/\/ami.mr\/fr\/wp-json\/wp\/v2\/media\/212413"}],"wp:attachment":[{"href":"https:\/\/ami.mr\/fr\/wp-json\/wp\/v2\/media?parent=212412"}],"wp:term":[{"taxonomy":"category","embeddable":true,"href":"https:\/\/ami.mr\/fr\/wp-json\/wp\/v2\/categories?post=212412"},{"taxonomy":"post_tag","embeddable":true,"href":"https:\/\/ami.mr\/fr\/wp-json\/wp\/v2\/tags?post=212412"}],"curies":[{"name":"wp","href":"https:\/\/api.w.org\/{rel}","templated":true}]}}