{"id":212367,"date":"2022-12-12T20:46:20","date_gmt":"2022-12-12T20:46:20","guid":{"rendered":"https:\/\/ami.mr\/fr\/?p=212367"},"modified":"2022-12-16T12:33:51","modified_gmt":"2022-12-16T12:33:51","slug":"la-commission-des-finances-de-lassemblee-nationale-examine-le-budget-du-ministere-de-lenseignement-superieur","status":"publish","type":"post","link":"https:\/\/ami.mr\/fr\/archives\/212367","title":{"rendered":"La Commission des finances de l\u2019Assembl\u00e9e nationale examine le budget du minist\u00e8re de l\u2019Enseignement sup\u00e9rieur"},"content":{"rendered":"<div class=\"cell auto-size\">\n<div class=\"set-border bd-gray padding10 margin10 no-margin-right no-margin-left \" dir=\"ltr\">\n<p>La commission des finances de l\u2019Assembl\u00e9e nationale a consacr\u00e9 la r\u00e9union qu\u2019elle a tenue, lundi, sous la pr\u00e9sidence de M. Mohamed Abderrahmane Tolba, pr\u00e9sident de la commission, \u00e0 l\u2019examen du budget du minist\u00e8re de l\u2019Enseignement sup\u00e9rieur et de la Recherche scientifique dans le projet de loi initiale du budget pour l\u2019ann\u00e9e 2023.<\/p>\n<p>Au cours de la r\u00e9union, la commission a suivi un expos\u00e9 du ministre de l\u2019Emploi et de la Formation professionnelle, M. Mohamed Lemine Ould Aboye Ould Cheikh El Hadrami dans lequel il a pass\u00e9 en revue les principaux chapitres de ce budget.<\/p>\n<p>Le budget du d\u00e9partement s\u2019\u00e9l\u00e8ve \u00e0 1.735.515.407 MRU.<\/p>\n<\/div>\n<\/div>\n","protected":false},"excerpt":{"rendered":"<p>La commission des finances de l\u2019Assembl\u00e9e nationale a consacr\u00e9 la r\u00e9union qu\u2019elle a tenue, lundi, sous la pr\u00e9sidence de M. Mohamed Abderrahmane Tolba, pr\u00e9sident de la commission, \u00e0 l\u2019examen du budget du minist\u00e8re de l\u2019Enseignement sup\u00e9rieur et de la Recherche scientifique dans le projet de loi initiale du budget pour l\u2019ann\u00e9e 2023. Au cours de [&hellip;]<\/p>\n","protected":false},"author":13,"featured_media":212354,"comment_status":"open","ping_status":"open","sticky":false,"template":"","format":"standard","meta":{"footnotes":""},"categories":[63920,63919,63957],"tags":[63990],"class_list":["post-212367","post","type-post","status-publish","format-standard","has-post-thumbnail","hentry","category-a-la-une","category-choix-du-redacteur","category-fil-dactualite","tag-activites-gouvernementales"],"_links":{"self":[{"href":"https:\/\/ami.mr\/fr\/wp-json\/wp\/v2\/posts\/212367","targetHints":{"allow":["GET"]}}],"collection":[{"href":"https:\/\/ami.mr\/fr\/wp-json\/wp\/v2\/posts"}],"about":[{"href":"https:\/\/ami.mr\/fr\/wp-json\/wp\/v2\/types\/post"}],"author":[{"embeddable":true,"href":"https:\/\/ami.mr\/fr\/wp-json\/wp\/v2\/users\/13"}],"replies":[{"embeddable":true,"href":"https:\/\/ami.mr\/fr\/wp-json\/wp\/v2\/comments?post=212367"}],"version-history":[{"count":1,"href":"https:\/\/ami.mr\/fr\/wp-json\/wp\/v2\/posts\/212367\/revisions"}],"predecessor-version":[{"id":212370,"href":"https:\/\/ami.mr\/fr\/wp-json\/wp\/v2\/posts\/212367\/revisions\/212370"}],"wp:featuredmedia":[{"embeddable":true,"href":"https:\/\/ami.mr\/fr\/wp-json\/wp\/v2\/media\/212354"}],"wp:attachment":[{"href":"https:\/\/ami.mr\/fr\/wp-json\/wp\/v2\/media?parent=212367"}],"wp:term":[{"taxonomy":"category","embeddable":true,"href":"https:\/\/ami.mr\/fr\/wp-json\/wp\/v2\/categories?post=212367"},{"taxonomy":"post_tag","embeddable":true,"href":"https:\/\/ami.mr\/fr\/wp-json\/wp\/v2\/tags?post=212367"}],"curies":[{"name":"wp","href":"https:\/\/api.w.org\/{rel}","templated":true}]}}