{"id":21228,"date":"2012-01-26T17:20:18","date_gmt":"2012-01-26T17:20:18","guid":{"rendered":"http:\/\/192.168.64.2\/fr\/index.php\/2012\/01\/26\/les-tempratures-resteront-basses-en-dbut-de-matine-au-nord-et-louest-du-pays\/"},"modified":"2022-07-04T01:31:34","modified_gmt":"2022-07-04T01:31:34","slug":"les-tempratures-resteront-basses-en-dbut-de-matine-au-nord-et-louest-du-pays","status":"publish","type":"post","link":"https:\/\/ami.mr\/fr\/archives\/21228","title":{"rendered":"Les temp&eacute;ratures resteront basses en d&eacute;but de matin&eacute;e au nord et &agrave; l&#8217;ouest du pays"},"content":{"rendered":"<p>Pr\u00e9visions pour les prochaines 24 heures: Le temps sera domin\u00e9 par un ciel progressivement peu nuageux sur l&#8217;ensemble du pays. En d\u00e9but de matin\u00e9e, la temp\u00e9rature restera basse au nord et \u00e0 l&#8217;ouest du teritoire. La visibilit\u00e9 sera affect\u00e9e par sable au nord du littoral jusqu&#8217;au nord-ouest du Tiris-Zemmour.<br \/>\nVoici les temp\u00e9ratures pr\u00e9vues pour la journ\u00e9e du Vendredi 27 Janvier 2012:<br \/>\nStations: Temp minimales \/ Temp maximales<br \/>\nBir Moghren&#8230;. 07\/ 20 degr\u00e9s<br \/>\nZou\u00e9rate&#8230;&#8230;. 07 \/ 21 \u00a8\u00a8<br \/>\nAtar&#8230;&#8230;&#8230;.. 11 \/ 23 \u00a8\u00a8<br \/>\nAkjoujt&#8230;&#8230;.. 13 \/ 25 \u00a8\u00a8<br \/>\nNouadhibou&#8230;.. 14 \/ 25 \u00a8\u00a8<br \/>\nNouakchott&#8230;.. 10 \/ 27 \u00a8\u00a8<br \/>\nBoutilimitt&#8230;. 15 \/ 29 \u00a8\u00a8<br \/>\nAleg&#8230;&#8230;&#8230;.. 15 \/ 30 \u00a8\u00a8<br \/>\nRosso&#8230;&#8230;&#8230;. 16 \/ 27 \u00a8\u00a8<br \/>\nKa\u00e9di&#8230;&#8230;&#8230;. 16 \/ 26 \u00a8\u00a8<br \/>\nS\u00e9libaby&#8230;&#8230;. 15 \/ 26 \u00a8\u00a8<br \/>\nKiffa&#8230;&#8230;&#8230;. 14 \/ 25 \u00a8\u00a8<br \/>\nTidjikja&#8230;&#8230;. 13 \/ 24 \u00a8\u00a8<br \/>\nAioun&#8230;&#8230;&#8230;. 14 \/ 22 \u00a8\u00a8<br \/>\nN\u00e9ma&#8230;&#8230;&#8230;.. 14 \/ 23 \u00a8\u00a8<br \/>\nM\u00e9t\u00e9orologie marine Cap-Blanc &#038; Cap Timiris: La mer g\u00e9n\u00e9ralement agit\u00e9e parfois forte au nord du littoral. Pr\u00e8s des c\u00f4tes, la houle restera de Nord-ouest et la hauteur de vagues variera de 1,25 \u00e0 4 m\u00e9tres.<\/p>\n","protected":false},"excerpt":{"rendered":"<p>Pr\u00e9visions pour les prochaines 24 heures: Le temps sera domin\u00e9 par un ciel progressivement peu nuageux sur l&#8217;ensemble du pays. En d\u00e9but de matin\u00e9e, la temp\u00e9rature restera basse au nord et \u00e0 l&#8217;ouest du<\/p>\n","protected":false},"author":1,"featured_media":115954,"comment_status":"closed","ping_status":"closed","sticky":false,"template":"","format":"standard","meta":{"footnotes":""},"categories":[],"tags":[62768,63992,62476],"class_list":["post-21228","post","type-post","status-publish","format-standard","has-post-thumbnail","hentry","tag-emmane","tag-environnement-meteo","tag-nouakchott"],"_links":{"self":[{"href":"https:\/\/ami.mr\/fr\/wp-json\/wp\/v2\/posts\/21228","targetHints":{"allow":["GET"]}}],"collection":[{"href":"https:\/\/ami.mr\/fr\/wp-json\/wp\/v2\/posts"}],"about":[{"href":"https:\/\/ami.mr\/fr\/wp-json\/wp\/v2\/types\/post"}],"author":[{"embeddable":true,"href":"https:\/\/ami.mr\/fr\/wp-json\/wp\/v2\/users\/1"}],"replies":[{"embeddable":true,"href":"https:\/\/ami.mr\/fr\/wp-json\/wp\/v2\/comments?post=21228"}],"version-history":[{"count":1,"href":"https:\/\/ami.mr\/fr\/wp-json\/wp\/v2\/posts\/21228\/revisions"}],"predecessor-version":[{"id":115953,"href":"https:\/\/ami.mr\/fr\/wp-json\/wp\/v2\/posts\/21228\/revisions\/115953"}],"wp:featuredmedia":[{"embeddable":true,"href":"https:\/\/ami.mr\/fr\/wp-json\/wp\/v2\/media\/115954"}],"wp:attachment":[{"href":"https:\/\/ami.mr\/fr\/wp-json\/wp\/v2\/media?parent=21228"}],"wp:term":[{"taxonomy":"category","embeddable":true,"href":"https:\/\/ami.mr\/fr\/wp-json\/wp\/v2\/categories?post=21228"},{"taxonomy":"post_tag","embeddable":true,"href":"https:\/\/ami.mr\/fr\/wp-json\/wp\/v2\/tags?post=21228"}],"curies":[{"name":"wp","href":"https:\/\/api.w.org\/{rel}","templated":true}]}}